{"id":519,"date":"2018-11-07T08:00:12","date_gmt":"2018-11-07T07:00:12","guid":{"rendered":"http:\/\/www.lalberodellapsicologia.it\/?p=519"},"modified":"2018-11-07T13:34:53","modified_gmt":"2018-11-07T12:34:53","slug":"insonnia-possibili-cause-alcune-tecniche-contrastarla","status":"publish","type":"post","link":"https:\/\/www.lalberodellapsicologia.it\/index.php\/2018\/11\/07\/insonnia-possibili-cause-alcune-tecniche-contrastarla\/","title":{"rendered":"Insonnia: possibili cause e una tecnica per contrastarla"},"content":{"rendered":"<p><img data-recalc-dims=\"1\" loading=\"lazy\" decoding=\"async\" data-attachment-id=\"525\" data-permalink=\"https:\/\/www.lalberodellapsicologia.it\/index.php\/2018\/11\/07\/insonnia-possibili-cause-alcune-tecniche-contrastarla\/insomnia-2\/\" data-orig-file=\"https:\/\/i0.wp.com\/www.lalberodellapsicologia.it\/wp-content\/uploads\/2018\/11\/insomnia-2.jpg?fit=500%2C359&amp;ssl=1\" data-orig-size=\"500,359\" data-comments-opened=\"1\" data-image-meta=\"{&quot;aperture&quot;:&quot;0&quot;,&quot;credit&quot;:&quot;&quot;,&quot;camera&quot;:&quot;&quot;,&quot;caption&quot;:&quot;&quot;,&quot;created_timestamp&quot;:&quot;0&quot;,&quot;copyright&quot;:&quot;&quot;,&quot;focal_length&quot;:&quot;0&quot;,&quot;iso&quot;:&quot;0&quot;,&quot;shutter_speed&quot;:&quot;0&quot;,&quot;title&quot;:&quot;&quot;,&quot;orientation&quot;:&quot;0&quot;}\" data-image-title=\"insomnia-2\" data-image-description=\"\" data-image-caption=\"\" data-medium-file=\"https:\/\/i0.wp.com\/www.lalberodellapsicologia.it\/wp-content\/uploads\/2018\/11\/insomnia-2.jpg?fit=300%2C215&amp;ssl=1\" data-large-file=\"https:\/\/i0.wp.com\/www.lalberodellapsicologia.it\/wp-content\/uploads\/2018\/11\/insomnia-2.jpg?fit=500%2C359&amp;ssl=1\" tabindex=\"0\" role=\"button\" class=\"alignnone size-medium wp-image-525\" src=\"https:\/\/i0.wp.com\/www.lalberodellapsicologia.it\/wp-content\/uploads\/2018\/11\/insomnia-2.jpg?resize=300%2C215\" alt=\"insomnia-2\" width=\"300\" height=\"215\" srcset=\"https:\/\/i0.wp.com\/www.lalberodellapsicologia.it\/wp-content\/uploads\/2018\/11\/insomnia-2.jpg?resize=300%2C215&amp;ssl=1 300w, https:\/\/i0.wp.com\/www.lalberodellapsicologia.it\/wp-content\/uploads\/2018\/11\/insomnia-2.jpg?w=500&amp;ssl=1 500w\" sizes=\"(max-width: 300px) 100vw, 300px\" \/><\/p>\n<p><span style=\"color: #222222;\"><span style=\"font-family: 'Open Sans', Arial, Helvetica, sans-serif;\"><span style=\"font-size: small;\">L&#8217;insonnia \u00e8 quello stato di malessere, che rientra nei disturbi del sonno.<\/span><\/span><\/span><span style=\"font-size: small;\"><b><br \/>\n<\/b><\/span><span style=\"color: #222222;\"><span style=\"font-family: 'Open Sans', Arial, Helvetica, sans-serif;\"><span style=\"font-size: small;\">E&#8217; caratterizzata da una diminuzione della sua durata, accompagnata dalla percezione soggettiva di non essere riuscito a trarne ristoro, perch\u00e8 eccessivamente breve o poco soddisfacente.<\/span><\/span><\/span><span style=\"font-size: small;\"><b><br \/>\n<\/b><\/span><strong><span style=\"color: #222222;\"><span style=\"font-family: 'Open Sans', Arial, Helvetica, sans-serif;\"><span style=\"font-size: small;\"><b>I diversi tipi di insonnia<\/b><\/span><\/span><\/span><\/strong><span style=\"font-size: small;\"><b><br \/>\n<\/b><\/span><span style=\"color: #222222;\"><span style=\"font-family: 'Open Sans', Arial, Helvetica, sans-serif;\"><span style=\"font-size: small;\">E&#8217; possibile parlare di difficolt\u00e0 dell&#8217;addormentamento o di insonnia iniziale, quando la persona impiega pi\u00f9 di 30 minuti per addormentarsi.<\/span><\/span><\/span><span style=\"font-size: small;\"><b><br \/>\n<\/b><\/span><span style=\"color: #222222;\"><span style=\"font-family: 'Open Sans', Arial, Helvetica, sans-serif;\"><span style=\"font-size: small;\">Se invece \u00e8 presente una difficolt\u00e0 nel mantenere una continuit\u00e0 del sonno e la persona tende a svegliarsi a pi\u00f9 riprese, ci troviamo davanti all&#8217;insonnia centrale.<\/span><\/span><\/span><span style=\"font-size: small;\"><b><br \/>\n<\/b><\/span><span style=\"color: #222222;\"><span style=\"font-family: 'Open Sans', Arial, Helvetica, sans-serif;\"><span style=\"font-size: small;\">Quando il soggetto si sveglia precocemente al mattino \u00e8 possibile parlare di insonnia terminale.<\/span><\/span><\/span><span style=\"font-size: small;\"><b><br \/>\n<\/b><\/span><strong><span style=\"color: #222222;\"><span style=\"font-family: 'Open Sans', Arial, Helvetica, sans-serif;\"><span style=\"font-size: small;\"><b>La durata fa la differenza<\/b><\/span><\/span><\/span><\/strong><span style=\"font-size: small;\"><b><br \/>\n<\/b><\/span><span style=\"color: #222222;\"><span style=\"font-family: 'Open Sans', Arial, Helvetica, sans-serif;\"><span style=\"font-size: small;\">A seconda della durata temporale del malessere, possiamo parlare di:<\/span><\/span><\/span><span style=\"font-size: small;\"><b><br \/>\n. <\/b><\/span><span style=\"color: #222222;\"><span style=\"font-family: 'Open Sans', Arial, Helvetica, sans-serif;\"><span style=\"font-size: small;\">insonnia occasionale, quando il soggetto incontra difficolt\u00e0 ad addormentarsi per pochi giorni.<\/span><\/span><\/span><span style=\"font-size: small;\"><b><br \/>\n. <\/b><\/span><span style=\"color: #222222;\"><span style=\"font-family: 'Open Sans', Arial, Helvetica, sans-serif;\"><span style=\"font-size: small;\">Insonnia transitoria, se la persona ha problemi in tal senso per circa tre settimane.<\/span><\/span><\/span><span style=\"font-size: small;\"><b><br \/>\n. <\/b><\/span><span style=\"color: #222222;\"><span style=\"font-family: 'Open Sans', Arial, Helvetica, sans-serif;\"><span style=\"font-size: small;\">Insonnia cronica quando il disagio si protrae nel tempo.<\/span><\/span><\/span><span style=\"font-size: small;\"><b><br \/>\n<\/b><\/span><strong><span style=\"color: #222222;\"><span style=\"font-family: 'Open Sans', Arial, Helvetica, sans-serif;\"><span style=\"font-size: small;\"><b>Un&#8217;ulteriore distinzione<\/b><\/span><\/span><\/span><\/strong><span style=\"font-size: small;\"><b><br \/>\n<\/b><\/span><span style=\"color: #222222;\"><span style=\"font-family: 'Open Sans', Arial, Helvetica, sans-serif;\"><span style=\"font-size: small;\">Se il soggetto ha un disturbo del sonno in assenza di uno stato di malattia, allora parliamo di insonnia primaria.<\/span><\/span><\/span><span style=\"font-size: small;\"><b><br \/>\n<\/b><\/span><span style=\"color: #222222;\"><span style=\"font-family: 'Open Sans', Arial, Helvetica, sans-serif;\"><span style=\"font-size: small;\">Se invece il disturbo \u00e8 associato alla presenza di uno stato patologico, ci troviamo davanti ad un caso di insonnia secondaria.<\/span><\/span><\/span><span style=\"font-size: small;\"><b><br \/>\n<\/b><\/span><strong><span style=\"color: #222222;\"><span style=\"font-family: 'Open Sans', Arial, Helvetica, sans-serif;\"><span style=\"font-size: small;\">Possibili cause<\/span><\/span><\/span><\/strong><span style=\"font-size: small;\"><b><br \/>\n<\/b><\/span><span style=\"color: #222222;\"><span style=\"font-family: 'Open Sans', Arial, Helvetica, sans-serif;\"><span style=\"font-size: small;\">Sono molteplici i fattori che possono incidere negativamente sulla quantit\u00e0 e qualit\u00e0 del sonno.<\/span><\/span><\/span><span style=\"font-size: small;\"><b><br \/>\n<\/b><\/span><span style=\"color: #222222;\"><span style=\"font-family: 'Open Sans', Arial, Helvetica, sans-serif;\"><span style=\"font-size: small;\">Molti di noi hanno potuto constatare ad esempio come periodi di stress e ansia, possano condizionare negativamente il nostro stato di equilibrio psicofisico, inquinando il nostro sonno.<\/span><\/span><\/span><span style=\"font-size: small;\"><b><br \/>\n<\/b><\/span><span style=\"color: #222222;\"><span style=\"font-family: 'Open Sans', Arial, Helvetica, sans-serif;\"><span style=\"font-size: small;\">Sappiamo infatti che i meccanismi del sonno patiscono l&#8217;influenza di aspetti psicologici quali preoccupazioni, tensioni, difficolt\u00e0 economiche, ecc., ma cerchiamo di entrare un pochino di pi\u00f9 nel merito.<\/span><\/span><\/span><span style=\"font-size: small;\"><b><br \/>\n<\/b><\/span><strong><span style=\"color: #222222;\"><span style=\"font-family: 'Open Sans', Arial, Helvetica, sans-serif;\"><span style=\"font-size: small;\"><b>Le tre categorie dell&#8217;insonnia<\/b><\/span><\/span><\/span><\/strong><span style=\"font-size: small;\"><b><br \/>\n<\/b><\/span><span style=\"color: #222222;\"><span style=\"font-family: 'Open Sans', Arial, Helvetica, sans-serif;\"><span style=\"font-size: small;\">Possiamo parlare di:<\/span><\/span><\/span><span style=\"font-size: small;\"><b><br \/>\n. <\/b><\/span><span style=\"color: #222222;\"><span style=\"font-family: 'Open Sans', Arial, Helvetica, sans-serif;\"><span style=\"font-size: small;\">insonnia situazionale,<\/span><\/span><\/span><span style=\"font-size: small;\"><b><br \/>\n. <\/b><\/span><span style=\"color: #222222;\"><span style=\"font-family: 'Open Sans', Arial, Helvetica, sans-serif;\"><span style=\"font-size: small;\">insonnia non situazionale primaria,<\/span><\/span><\/span><span style=\"font-size: small;\"><b><br \/>\n. <\/b><\/span><span style=\"color: #222222;\"><span style=\"font-family: 'Open Sans', Arial, Helvetica, sans-serif;\"><span style=\"font-size: small;\">insonnia non situazionale secondaria.<\/span><\/span><\/span><span style=\"font-size: small;\"><b><br \/>\n<\/b><\/span><span style=\"color: #222222;\"><span style=\"font-family: 'Open Sans', Arial, Helvetica, sans-serif;\"><span style=\"font-size: small;\">L&#8217;insonnia situazionale \u00e8 generata da eventi o situazioni interne o esterne alla persona.<\/span><\/span><\/span><span style=\"font-size: small;\"><b><br \/>\n<\/b><\/span><span style=\"color: #222222;\"><span style=\"font-family: 'Open Sans', Arial, Helvetica, sans-serif;\"><span style=\"font-size: small;\">Queste ultime sono legate a fattori di interferenza esterni che disturbano il sonno.<\/span><\/span><\/span><span style=\"font-size: small;\"><b><br \/>\n<\/b><\/span><span style=\"color: #222222;\"><span style=\"font-family: 'Open Sans', Arial, Helvetica, sans-serif;\"><span style=\"font-size: small;\">Fra le cause dell&#8217;insonnia situazionale di origine esterna possiamo menzionare il rumore ambientale, la temperatura non adeguata della stanza (eccessivamente calda o fredda), un giaciglio non troppo confortevole, ecc.<\/span><\/span><\/span><span style=\"font-size: small;\"><b><br \/>\n<\/b><\/span><span style=\"color: #222222;\"><span style=\"font-family: 'Open Sans', Arial, Helvetica, sans-serif;\"><span style=\"font-size: small;\">Anche l&#8217;altitudine \u00e8 un elemento che pu\u00f2 interferire negativamente con il sonno, ci riferiamo ad un&#8217;altitudine che parte dai 3000 metri in su.<\/span><\/span><\/span><span style=\"font-size: small;\"><b><br \/>\n<\/b><\/span><span style=\"color: #222222;\"><span style=\"font-family: 'Open Sans', Arial, Helvetica, sans-serif;\"><span style=\"font-size: small;\">Sar\u00e0 capitato a molti, poi, di avere una certa difficolt\u00e0 ad addormentarsi in un letto diverso dal proprio.<\/span><\/span><\/span><span style=\"font-size: small;\"><b><br \/>\n<\/b><\/span><span style=\"color: #222222;\"><span style=\"font-family: 'Open Sans', Arial, Helvetica, sans-serif;\"><span style=\"font-size: small;\">In tal caso si parla di insonnia da adattamento.<\/span><\/span><\/span><span style=\"font-size: small;\"><b><br \/>\n<\/b><\/span><span style=\"color: #222222;\"><span style=\"font-family: 'Open Sans', Arial, Helvetica, sans-serif;\"><span style=\"font-size: small;\">Esiste poi un tipo di insonnia da consumo di sostanze, siano esse farmaci o sostanze stimolanti e perch\u00e8 no anche dovuta al consumo di alcuni cibi che affaticano la digestione.<\/span><\/span><\/span><span style=\"font-size: small;\"><b><br \/>\n<\/b><\/span><span style=\"color: #222222;\"><span style=\"font-family: 'Open Sans', Arial, Helvetica, sans-serif;\"><span style=\"font-size: small;\">Nelle insonnie situazionali rientra anche la sindrome da Jet-leg, che conosce bene chi affronta viaggi intercontinentali, che a causa del fuso orario alterano il ritmo sonno-veglia.<\/span><\/span><\/span><span style=\"font-size: small;\"><b><br \/>\n<\/b><\/span><strong><span style=\"color: #222222;\"><span style=\"font-family: 'Open Sans', Arial, Helvetica, sans-serif;\"><span style=\"font-size: small;\"><b>E se la causa fosse una malattia medica o psicologica?<\/b><\/span><\/span><\/span><\/strong><span style=\"font-size: small;\"><b><br \/>\n<\/b><\/span><span style=\"color: #222222;\"><span style=\"font-family: 'Open Sans', Arial, Helvetica, sans-serif;\"><span style=\"font-size: small;\">Ci sono condizioni cliniche nelle quali i disturbi del sonno sono la conseguenza di patologie organiche che di frequente sono accompagnate da dolore fisico che ritarda o ostacola il sonno.<\/span><\/span><\/span><span style=\"font-size: small;\"><b><br \/>\n<\/b><\/span><span style=\"color: #222222;\"><span style=\"font-family: 'Open Sans', Arial, Helvetica, sans-serif;\"><span style=\"font-size: small;\">Come gi\u00e0 accennato all&#8217;inizio anche lo stress psicologico, sia esso positivo, ovvero legato ad una situazione particolarmente eccitante o invece negativa, come una perdita, un lutto, un litigio, ecc. pu\u00f2 dare origine ad un disturbo del sonno.<\/span><\/span><\/span><span style=\"font-size: small;\"><b><br \/>\n<\/b><\/span><strong><span style=\"color: #222222;\"><span style=\"font-family: 'Open Sans', Arial, Helvetica, sans-serif;\"><span style=\"font-size: small;\">L&#8217;insonnia non situazionale primaria<\/span><\/span><\/span><\/strong><span style=\"font-size: small;\"><b><br \/>\n<\/b><\/span><span style=\"color: #222222;\"><span style=\"font-family: 'Open Sans', Arial, Helvetica, sans-serif;\"><span style=\"font-size: small;\">In questa categoria rientrano quei disturbi del sonno che non sono generati da malattia organica o psichica o dal consumo di sostanze.<\/span><\/span><\/span><span style=\"font-size: small;\"><b><br \/>\n<\/b><\/span><span style=\"color: #222222;\"><span style=\"font-family: 'Open Sans', Arial, Helvetica, sans-serif;\"><span style=\"font-size: small;\">Si tratta di quell&#8217;insonnia che sopraggiunge a causa della paura di non riuscire a dormire o che \u00e8 dovuta ad una scarsa igiene del sonno, a causa di uno stile di vita poco consono.<\/span><\/span><\/span><span style=\"font-size: small;\"><b><br \/>\n<\/b><\/span><strong><span style=\"color: #222222;\"><span style=\"font-family: 'Open Sans', Arial, Helvetica, sans-serif;\"><span style=\"font-size: small;\"><b>L&#8217;insonnia non situazionale secondaria<\/b><\/span><\/span><\/span><\/strong><span style=\"font-size: small;\"><b><br \/>\n<\/b><\/span><span style=\"color: #222222;\"><span style=\"font-family: 'Open Sans', Arial, Helvetica, sans-serif;\"><span style=\"font-size: small;\">E&#8217; quel disturbo che si associa a malattie psichiatriche come il disturbo post traumatico da stress, alcune forme di ansia, di depressione, di demenza, ecc.<\/span><\/span><\/span><span style=\"font-size: small;\"><b><br \/>\n<\/b><\/span><span style=\"color: #222222;\"><span style=\"font-family: 'Open Sans', Arial, Helvetica, sans-serif;\"><span style=\"font-size: small;\">In questa categoria rientrano anche alcuni tipi di insonnia, associati a patologie di base quali le malattie cardiovascolari, il reflusso gastro-esofageo, ecc.<\/span><\/span><\/span><span style=\"font-size: small;\"><b><br \/>\n<\/b><\/span><span style=\"color: #222222;\"><span style=\"font-family: 'Open Sans', Arial, Helvetica, sans-serif;\"><span style=\"font-size: small;\"><b>Cosa si pu\u00f2 fare per migliorare i problemi di insonnia?<\/b><\/span><\/span><\/span><span style=\"font-size: small;\"><b><br \/>\n<\/b><\/span><span style=\"color: #222222;\"><span style=\"font-family: 'Open Sans', Arial, Helvetica, sans-serif;\"><span style=\"font-size: small;\">Il primo passo da fare \u00e8 quello di rivolgersi ad un medico per una corretta diagnosi, perch\u00e8 come abbiamo gi\u00e0 detto, le cause di questo disturbo possono essere molteplici.<\/span><\/span><\/span><span style=\"font-size: small;\"><b><br \/>\n<\/b><\/span><span style=\"color: #222222;\"><span style=\"font-family: 'Open Sans', Arial, Helvetica, sans-serif;\"><span style=\"font-size: small;\">Una volta fatta la corretta valutazione, sar\u00e0 poi l&#8217;esperto ad indicare il trattamento pi\u00f9 adeguato a seconda della situazione.<\/span><\/span><\/span><span style=\"font-size: small;\"><b><br \/>\n<\/b><\/span><span style=\"color: #222222;\"><span style=\"font-family: 'Open Sans', Arial, Helvetica, sans-serif;\"><span style=\"font-size: small;\">Spesso il trattamento pi\u00f9 efficace \u00e8 quello che associa una terapia farmacologica ad un percorso di psicoterapia.<\/span><\/span><\/span><span style=\"font-size: small;\"><b><br \/>\n<\/b><\/span><strong><span style=\"color: #222222;\"><span style=\"font-family: 'Open Sans', Arial, Helvetica, sans-serif;\"><span style=\"font-size: small;\"><b>La tecnica del controllo degli stimoli<\/b><\/span><\/span><\/span><\/strong><span style=\"font-size: small;\"><b><br \/>\n<\/b><\/span><span style=\"color: #222222;\"><span style=\"font-family: 'Open Sans', Arial, Helvetica, sans-serif;\"><span style=\"font-size: small;\">E&#8217; indicata sia per il trattamento dei disturbi dell&#8217;addormentamento che per il mantenimento del sonno (Bootzin, 1972; Bootzin, Epstein e Ward, 1991).<\/span><\/span><\/span><span style=\"font-size: small;\"><b><br \/>\n<\/b><\/span><span style=\"color: #222222;\"><span style=\"font-family: 'Open Sans', Arial, Helvetica, sans-serif;\"><span style=\"font-size: small;\">E&#8217; una tecnica mutuata dalla terapia comportamentale, estremamente efficace in questo tipo di disturbo.<\/span><\/span><\/span><span style=\"font-size: small;\"><b><br \/>\n<\/b><\/span><span style=\"color: #222222;\"><span style=\"font-family: 'Open Sans', Arial, Helvetica, sans-serif;\"><span style=\"font-size: small;\">Le istruzioni che vengono date al paziente includono:<\/span><\/span><\/span><span style=\"font-size: small;\"><b><br \/>\n<\/b><\/span><span style=\"color: #222222;\"><span style=\"font-family: 'Open Sans', Arial, Helvetica, sans-serif;\"><span style=\"font-size: small;\">1) Andare a letto solamente se si ha sonno.<\/span><\/span><\/span><span style=\"font-size: small;\"><b><br \/>\n<\/b><\/span><span style=\"color: #222222;\"><span style=\"font-family: 'Open Sans', Arial, Helvetica, sans-serif;\"><span style=\"font-size: small;\">2) Utilizzare il letto solamente per il sonno o per l&#8217;attivit\u00e0 sessuale.<\/span><\/span><\/span><span style=\"font-size: small;\"><b><br \/>\n<\/b><\/span><span style=\"color: #222222;\"><span style=\"font-family: 'Open Sans', Arial, Helvetica, sans-serif;\"><span style=\"font-size: small;\">3) Alzarsi dal letto se si \u00e8 svegli da pi\u00f9 di 15 minuti.<\/span><\/span><\/span><span style=\"font-size: small;\"><b><br \/>\n<\/b><\/span><span style=\"color: #222222;\"><span style=\"font-family: 'Open Sans', Arial, Helvetica, sans-serif;\"><span style=\"font-size: small;\">4) Ritornare a letto solamente se si ha sonno.<\/span><\/span><\/span><span style=\"font-size: small;\"><b><br \/>\n<\/b><\/span><span style=\"color: #222222;\"><span style=\"font-family: 'Open Sans', Arial, Helvetica, sans-serif;\"><span style=\"font-size: small;\">Le istruzioni ai punti 3 e 4 possono essere ripetute pi\u00f9 volte durante la notte, se necessario.<\/span><\/span><\/span><span style=\"font-size: small;\"><b><br \/>\n<\/b><\/span><span style=\"color: #222222;\"><span style=\"font-family: 'Open Sans', Arial, Helvetica, sans-serif;\"><span style=\"font-size: small;\">\u00c8 importante stabilire un orario di risveglio tutte le mattine, indipendentemente dalle ore di sonno godute la notte precedente.<\/span><\/span><\/span><span style=\"font-size: small;\"><b><br \/>\n<\/b><\/span><span style=\"color: #222222;\"><span style=\"font-family: 'Open Sans', Arial, Helvetica, sans-serif;\"><span style=\"font-size: small;\">L&#8217;efficacia di questa tecnica sta nel fatto che grazie alla pratica di tali regole, ripetuta nel tempo, si ristabilisce la corretta correlazione fra camera-letto-sonno e si ricrea il normale condizionamento fra gli stimoli dell&#8217;ambiente e quelli comportamentali legati al sonno e la propensione al sonno.<\/span><\/span><\/span><span style=\"font-size: small;\"><b><br \/>\n<\/b><\/span><span style=\"color: #222222;\"><span style=\"font-family: 'Open Sans', Arial, Helvetica, sans-serif;\"><span style=\"font-size: small;\">In ultimo la tecnica del controllo degli stimoli aiuta a ripristinare il ritmo sonno-veglia e le sue fasi.<\/span><\/span><\/span><\/p>\n<p align=\"LEFT\">\n<div class=\"nf-post-footer\">Se hai bisogno di aiuto su questa tematica contatta la Dott.ssa Borrelli clicca qui\u00a0<a href=\"http:\/\/www.lalberodellapsicologia.it\/index.php\/chi-sono\/contatti\/\">CONTATTI<\/a><\/div>","protected":false},"excerpt":{"rendered":"<p>L&#8217;insonnia \u00e8 quello stato di malessere, che rientra nei disturbi del sonno. E&#8217; caratterizzata da una diminuzione della sua durata, accompagnata dalla percezione soggettiva di non essere riuscito a trarne ristoro, perch\u00e8 eccessivamente breve o poco soddisfacente. I diversi tipi&hellip; <br \/><a class=\"read-more-button\" href=\"https:\/\/www.lalberodellapsicologia.it\/index.php\/2018\/11\/07\/insonnia-possibili-cause-alcune-tecniche-contrastarla\/\">Leggi tutto<\/a><\/p>\n<div class=\"nf-post-footer\">Se hai bisogno di aiuto su questa tematica contatta la Dott.ssa Borrelli clicca qui\u00a0<a href=\"http:\/\/www.lalberodellapsicologia.it\/index.php\/chi-sono\/contatti\/\">CONTATTI<\/a><\/div>","protected":false},"author":1,"featured_media":0,"comment_status":"open","ping_status":"open","sticky":false,"template":"","format":"standard","meta":{"jetpack_post_was_ever_published":false,"_jetpack_newsletter_access":"","_jetpack_dont_email_post_to_subs":false,"_jetpack_newsletter_tier_id":0,"_jetpack_memberships_contains_paywalled_content":false,"_jetpack_memberships_contains_paid_content":false,"footnotes":"","jetpack_publicize_message":"","jetpack_publicize_feature_enabled":true,"jetpack_social_post_already_shared":true,"jetpack_social_options":{"image_generator_settings":{"template":"highway","enabled":false},"version":2}},"categories":[20,33,25,11],"tags":[13,34,322,321,323,12],"class_list":["post-519","post","type-post","status-publish","format-standard","hentry","category-ansia","category-depressione","category-percorso-individuale","category-stress","tag-ansia","tag-depressione","tag-disturbo-delladdormentamento","tag-insonnia","tag-jet-leg","tag-stress"],"jetpack_publicize_connections":[],"gutentor_comment":0,"yoast_head":"<!-- This site is optimized with the Yoast SEO plugin v23.4 - https:\/\/yoast.com\/wordpress\/plugins\/seo\/ -->\r\n<title>Insonnia: possibili cause e una tecnica per contrastarla - Lalbero della Psicologia<\/title>\r\n<meta name=\"description\" content=\"Nell&#039;articolo si parla dell&#039;insonnia, delle possibili cause e del trattamento di tale disturbo a partire da una corretta diagnosi.\" \/>\r\n<meta name=\"robots\" content=\"index, follow, max-snippet:-1, max-image-preview:large, max-video-preview:-1\" \/>\r\n<link rel=\"canonical\" href=\"https:\/\/www.lalberodellapsicologia.it\/index.php\/2018\/11\/07\/insonnia-possibili-cause-alcune-tecniche-contrastarla\/\" \/>\r\n<meta property=\"og:locale\" content=\"it_IT\" \/>\r\n<meta property=\"og:type\" content=\"article\" \/>\r\n<meta property=\"og:title\" content=\"Insonnia: possibili cause e una tecnica per contrastarla - Lalbero della Psicologia\" \/>\r\n<meta property=\"og:description\" content=\"Nell&#039;articolo si parla dell&#039;insonnia, delle possibili cause e del trattamento di tale disturbo a partire da una corretta diagnosi.\" \/>\r\n<meta property=\"og:url\" content=\"https:\/\/www.lalberodellapsicologia.it\/index.php\/2018\/11\/07\/insonnia-possibili-cause-alcune-tecniche-contrastarla\/\" \/>\r\n<meta property=\"og:site_name\" content=\"Lalbero della Psicologia\" \/>\r\n<meta property=\"article:published_time\" content=\"2018-11-07T07:00:12+00:00\" \/>\r\n<meta property=\"article:modified_time\" content=\"2018-11-07T12:34:53+00:00\" \/>\r\n<meta property=\"og:image\" content=\"http:\/\/www.lalberodellapsicologia.it\/wp-content\/uploads\/2018\/11\/insomnia-2-300x215.jpg\" \/>\r\n<meta name=\"author\" content=\"Dott.ssa Borrelli\" \/>\r\n<meta name=\"twitter:card\" content=\"summary_large_image\" \/>\r\n<meta name=\"twitter:label1\" content=\"Scritto da\" \/>\n\t<meta name=\"twitter:data1\" content=\"Dott.ssa Borrelli\" \/>\n\t<meta name=\"twitter:label2\" content=\"Tempo di lettura stimato\" \/>\n\t<meta name=\"twitter:data2\" content=\"4 minuti\" \/>\r\n<script type=\"application\/ld+json\" class=\"yoast-schema-graph\">{\"@context\":\"https:\/\/schema.org\",\"@graph\":[{\"@type\":\"WebPage\",\"@id\":\"https:\/\/www.lalberodellapsicologia.it\/index.php\/2018\/11\/07\/insonnia-possibili-cause-alcune-tecniche-contrastarla\/\",\"url\":\"https:\/\/www.lalberodellapsicologia.it\/index.php\/2018\/11\/07\/insonnia-possibili-cause-alcune-tecniche-contrastarla\/\",\"name\":\"Insonnia: possibili cause e una tecnica per contrastarla - Lalbero della Psicologia\",\"isPartOf\":{\"@id\":\"https:\/\/www.lalberodellapsicologia.it\/#website\"},\"primaryImageOfPage\":{\"@id\":\"https:\/\/www.lalberodellapsicologia.it\/index.php\/2018\/11\/07\/insonnia-possibili-cause-alcune-tecniche-contrastarla\/#primaryimage\"},\"image\":{\"@id\":\"https:\/\/www.lalberodellapsicologia.it\/index.php\/2018\/11\/07\/insonnia-possibili-cause-alcune-tecniche-contrastarla\/#primaryimage\"},\"thumbnailUrl\":\"http:\/\/www.lalberodellapsicologia.it\/wp-content\/uploads\/2018\/11\/insomnia-2-300x215.jpg\",\"datePublished\":\"2018-11-07T07:00:12+00:00\",\"dateModified\":\"2018-11-07T12:34:53+00:00\",\"author\":{\"@id\":\"https:\/\/www.lalberodellapsicologia.it\/#\/schema\/person\/c2922cf9fcb5c6743abe8c14389b16e7\"},\"description\":\"Nell'articolo si parla dell'insonnia, delle possibili cause e del trattamento di tale disturbo a partire da una corretta diagnosi.\",\"breadcrumb\":{\"@id\":\"https:\/\/www.lalberodellapsicologia.it\/index.php\/2018\/11\/07\/insonnia-possibili-cause-alcune-tecniche-contrastarla\/#breadcrumb\"},\"inLanguage\":\"it-IT\",\"potentialAction\":[{\"@type\":\"ReadAction\",\"target\":[\"https:\/\/www.lalberodellapsicologia.it\/index.php\/2018\/11\/07\/insonnia-possibili-cause-alcune-tecniche-contrastarla\/\"]}]},{\"@type\":\"ImageObject\",\"inLanguage\":\"it-IT\",\"@id\":\"https:\/\/www.lalberodellapsicologia.it\/index.php\/2018\/11\/07\/insonnia-possibili-cause-alcune-tecniche-contrastarla\/#primaryimage\",\"url\":\"https:\/\/i0.wp.com\/www.lalberodellapsicologia.it\/wp-content\/uploads\/2018\/11\/insomnia-2.jpg?fit=500%2C359&ssl=1\",\"contentUrl\":\"https:\/\/i0.wp.com\/www.lalberodellapsicologia.it\/wp-content\/uploads\/2018\/11\/insomnia-2.jpg?fit=500%2C359&ssl=1\",\"width\":500,\"height\":359},{\"@type\":\"BreadcrumbList\",\"@id\":\"https:\/\/www.lalberodellapsicologia.it\/index.php\/2018\/11\/07\/insonnia-possibili-cause-alcune-tecniche-contrastarla\/#breadcrumb\",\"itemListElement\":[{\"@type\":\"ListItem\",\"position\":1,\"name\":\"Home\",\"item\":\"https:\/\/www.lalberodellapsicologia.it\/\"},{\"@type\":\"ListItem\",\"position\":2,\"name\":\"Insonnia: possibili cause e una tecnica per contrastarla\"}]},{\"@type\":\"WebSite\",\"@id\":\"https:\/\/www.lalberodellapsicologia.it\/#website\",\"url\":\"https:\/\/www.lalberodellapsicologia.it\/\",\"name\":\"Lalbero della Psicologia\",\"description\":\"\",\"potentialAction\":[{\"@type\":\"SearchAction\",\"target\":{\"@type\":\"EntryPoint\",\"urlTemplate\":\"https:\/\/www.lalberodellapsicologia.it\/?s={search_term_string}\"},\"query-input\":{\"@type\":\"PropertyValueSpecification\",\"valueRequired\":true,\"valueName\":\"search_term_string\"}}],\"inLanguage\":\"it-IT\"},{\"@type\":\"Person\",\"@id\":\"https:\/\/www.lalberodellapsicologia.it\/#\/schema\/person\/c2922cf9fcb5c6743abe8c14389b16e7\",\"name\":\"Dott.ssa Borrelli\",\"image\":{\"@type\":\"ImageObject\",\"inLanguage\":\"it-IT\",\"@id\":\"https:\/\/www.lalberodellapsicologia.it\/#\/schema\/person\/image\/\",\"url\":\"https:\/\/secure.gravatar.com\/avatar\/66fb7cb7f33813491b5627e64a5da195?s=96&d=mm&r=g\",\"contentUrl\":\"https:\/\/secure.gravatar.com\/avatar\/66fb7cb7f33813491b5627e64a5da195?s=96&d=mm&r=g\",\"caption\":\"Dott.ssa Borrelli\"},\"url\":\"https:\/\/www.lalberodellapsicologia.it\/index.php\/author\/patrizia\/\"}]}<\/script>\r\n<!-- \/ Yoast SEO plugin. -->","yoast_head_json":{"title":"Insonnia: possibili cause e una tecnica per contrastarla - Lalbero della Psicologia","description":"Nell'articolo si parla dell'insonnia, delle possibili cause e del trattamento di tale disturbo a partire da una corretta diagnosi.","robots":{"index":"index","follow":"follow","max-snippet":"max-snippet:-1","max-image-preview":"max-image-preview:large","max-video-preview":"max-video-preview:-1"},"canonical":"https:\/\/www.lalberodellapsicologia.it\/index.php\/2018\/11\/07\/insonnia-possibili-cause-alcune-tecniche-contrastarla\/","og_locale":"it_IT","og_type":"article","og_title":"Insonnia: possibili cause e una tecnica per contrastarla - Lalbero della Psicologia","og_description":"Nell'articolo si parla dell'insonnia, delle possibili cause e del trattamento di tale disturbo a partire da una corretta diagnosi.","og_url":"https:\/\/www.lalberodellapsicologia.it\/index.php\/2018\/11\/07\/insonnia-possibili-cause-alcune-tecniche-contrastarla\/","og_site_name":"Lalbero della Psicologia","article_published_time":"2018-11-07T07:00:12+00:00","article_modified_time":"2018-11-07T12:34:53+00:00","og_image":[{"url":"http:\/\/www.lalberodellapsicologia.it\/wp-content\/uploads\/2018\/11\/insomnia-2-300x215.jpg"}],"author":"Dott.ssa Borrelli","twitter_card":"summary_large_image","twitter_misc":{"Scritto da":"Dott.ssa Borrelli","Tempo di lettura stimato":"4 minuti"},"schema":{"@context":"https:\/\/schema.org","@graph":[{"@type":"WebPage","@id":"https:\/\/www.lalberodellapsicologia.it\/index.php\/2018\/11\/07\/insonnia-possibili-cause-alcune-tecniche-contrastarla\/","url":"https:\/\/www.lalberodellapsicologia.it\/index.php\/2018\/11\/07\/insonnia-possibili-cause-alcune-tecniche-contrastarla\/","name":"Insonnia: possibili cause e una tecnica per contrastarla - Lalbero della Psicologia","isPartOf":{"@id":"https:\/\/www.lalberodellapsicologia.it\/#website"},"primaryImageOfPage":{"@id":"https:\/\/www.lalberodellapsicologia.it\/index.php\/2018\/11\/07\/insonnia-possibili-cause-alcune-tecniche-contrastarla\/#primaryimage"},"image":{"@id":"https:\/\/www.lalberodellapsicologia.it\/index.php\/2018\/11\/07\/insonnia-possibili-cause-alcune-tecniche-contrastarla\/#primaryimage"},"thumbnailUrl":"http:\/\/www.lalberodellapsicologia.it\/wp-content\/uploads\/2018\/11\/insomnia-2-300x215.jpg","datePublished":"2018-11-07T07:00:12+00:00","dateModified":"2018-11-07T12:34:53+00:00","author":{"@id":"https:\/\/www.lalberodellapsicologia.it\/#\/schema\/person\/c2922cf9fcb5c6743abe8c14389b16e7"},"description":"Nell'articolo si parla dell'insonnia, delle possibili cause e del trattamento di tale disturbo a partire da una corretta diagnosi.","breadcrumb":{"@id":"https:\/\/www.lalberodellapsicologia.it\/index.php\/2018\/11\/07\/insonnia-possibili-cause-alcune-tecniche-contrastarla\/#breadcrumb"},"inLanguage":"it-IT","potentialAction":[{"@type":"ReadAction","target":["https:\/\/www.lalberodellapsicologia.it\/index.php\/2018\/11\/07\/insonnia-possibili-cause-alcune-tecniche-contrastarla\/"]}]},{"@type":"ImageObject","inLanguage":"it-IT","@id":"https:\/\/www.lalberodellapsicologia.it\/index.php\/2018\/11\/07\/insonnia-possibili-cause-alcune-tecniche-contrastarla\/#primaryimage","url":"https:\/\/i0.wp.com\/www.lalberodellapsicologia.it\/wp-content\/uploads\/2018\/11\/insomnia-2.jpg?fit=500%2C359&ssl=1","contentUrl":"https:\/\/i0.wp.com\/www.lalberodellapsicologia.it\/wp-content\/uploads\/2018\/11\/insomnia-2.jpg?fit=500%2C359&ssl=1","width":500,"height":359},{"@type":"BreadcrumbList","@id":"https:\/\/www.lalberodellapsicologia.it\/index.php\/2018\/11\/07\/insonnia-possibili-cause-alcune-tecniche-contrastarla\/#breadcrumb","itemListElement":[{"@type":"ListItem","position":1,"name":"Home","item":"https:\/\/www.lalberodellapsicologia.it\/"},{"@type":"ListItem","position":2,"name":"Insonnia: possibili cause e una tecnica per contrastarla"}]},{"@type":"WebSite","@id":"https:\/\/www.lalberodellapsicologia.it\/#website","url":"https:\/\/www.lalberodellapsicologia.it\/","name":"Lalbero della Psicologia","description":"","potentialAction":[{"@type":"SearchAction","target":{"@type":"EntryPoint","urlTemplate":"https:\/\/www.lalberodellapsicologia.it\/?s={search_term_string}"},"query-input":{"@type":"PropertyValueSpecification","valueRequired":true,"valueName":"search_term_string"}}],"inLanguage":"it-IT"},{"@type":"Person","@id":"https:\/\/www.lalberodellapsicologia.it\/#\/schema\/person\/c2922cf9fcb5c6743abe8c14389b16e7","name":"Dott.ssa Borrelli","image":{"@type":"ImageObject","inLanguage":"it-IT","@id":"https:\/\/www.lalberodellapsicologia.it\/#\/schema\/person\/image\/","url":"https:\/\/secure.gravatar.com\/avatar\/66fb7cb7f33813491b5627e64a5da195?s=96&d=mm&r=g","contentUrl":"https:\/\/secure.gravatar.com\/avatar\/66fb7cb7f33813491b5627e64a5da195?s=96&d=mm&r=g","caption":"Dott.ssa Borrelli"},"url":"https:\/\/www.lalberodellapsicologia.it\/index.php\/author\/patrizia\/"}]}},"jetpack_featured_media_url":"","jetpack_sharing_enabled":true,"jetpack_shortlink":"https:\/\/wp.me\/p8pCML-8n","jetpack-related-posts":[],"_links":{"self":[{"href":"https:\/\/www.lalberodellapsicologia.it\/index.php\/wp-json\/wp\/v2\/posts\/519"}],"collection":[{"href":"https:\/\/www.lalberodellapsicologia.it\/index.php\/wp-json\/wp\/v2\/posts"}],"about":[{"href":"https:\/\/www.lalberodellapsicologia.it\/index.php\/wp-json\/wp\/v2\/types\/post"}],"author":[{"embeddable":true,"href":"https:\/\/www.lalberodellapsicologia.it\/index.php\/wp-json\/wp\/v2\/users\/1"}],"replies":[{"embeddable":true,"href":"https:\/\/www.lalberodellapsicologia.it\/index.php\/wp-json\/wp\/v2\/comments?post=519"}],"version-history":[{"count":12,"href":"https:\/\/www.lalberodellapsicologia.it\/index.php\/wp-json\/wp\/v2\/posts\/519\/revisions"}],"predecessor-version":[{"id":532,"href":"https:\/\/www.lalberodellapsicologia.it\/index.php\/wp-json\/wp\/v2\/posts\/519\/revisions\/532"}],"wp:attachment":[{"href":"https:\/\/www.lalberodellapsicologia.it\/index.php\/wp-json\/wp\/v2\/media?parent=519"}],"wp:term":[{"taxonomy":"category","embeddable":true,"href":"https:\/\/www.lalberodellapsicologia.it\/index.php\/wp-json\/wp\/v2\/categories?post=519"},{"taxonomy":"post_tag","embeddable":true,"href":"https:\/\/www.lalberodellapsicologia.it\/index.php\/wp-json\/wp\/v2\/tags?post=519"}],"curies":[{"name":"wp","href":"https:\/\/api.w.org\/{rel}","templated":true}]}}