{"id":446,"date":"2017-03-27T08:00:06","date_gmt":"2017-03-27T06:00:06","guid":{"rendered":"http:\/\/www.lalberodellapsicologia.it\/?p=446"},"modified":"2017-03-26T21:36:54","modified_gmt":"2017-03-26T19:36:54","slug":"autostima-e-dintorni","status":"publish","type":"post","link":"https:\/\/www.lalberodellapsicologia.it\/index.php\/2017\/03\/27\/autostima-e-dintorni\/","title":{"rendered":"AUTOSTIMA: COME MIGLIORARLA"},"content":{"rendered":"<p class=\"p1\"><img data-recalc-dims=\"1\" loading=\"lazy\" decoding=\"async\" data-attachment-id=\"447\" data-permalink=\"https:\/\/www.lalberodellapsicologia.it\/index.php\/2017\/03\/27\/autostima-e-dintorni\/8208217346_e0e73aa73e_z\/\" data-orig-file=\"https:\/\/i0.wp.com\/www.lalberodellapsicologia.it\/wp-content\/uploads\/2017\/03\/8208217346_e0e73aa73e_z.jpg?fit=640%2C445&amp;ssl=1\" data-orig-size=\"640,445\" data-comments-opened=\"1\" data-image-meta=\"{&quot;aperture&quot;:&quot;0&quot;,&quot;credit&quot;:&quot;&quot;,&quot;camera&quot;:&quot;&quot;,&quot;caption&quot;:&quot;&quot;,&quot;created_timestamp&quot;:&quot;0&quot;,&quot;copyright&quot;:&quot;&quot;,&quot;focal_length&quot;:&quot;0&quot;,&quot;iso&quot;:&quot;0&quot;,&quot;shutter_speed&quot;:&quot;0&quot;,&quot;title&quot;:&quot;&quot;,&quot;orientation&quot;:&quot;0&quot;}\" data-image-title=\"8208217346_e0e73aa73e_z\" data-image-description=\"\" data-image-caption=\"\" data-medium-file=\"https:\/\/i0.wp.com\/www.lalberodellapsicologia.it\/wp-content\/uploads\/2017\/03\/8208217346_e0e73aa73e_z.jpg?fit=300%2C209&amp;ssl=1\" data-large-file=\"https:\/\/i0.wp.com\/www.lalberodellapsicologia.it\/wp-content\/uploads\/2017\/03\/8208217346_e0e73aa73e_z.jpg?fit=640%2C445&amp;ssl=1\" tabindex=\"0\" role=\"button\" class=\"alignnone size-medium wp-image-447\" src=\"https:\/\/i0.wp.com\/www.lalberodellapsicologia.it\/wp-content\/uploads\/2017\/03\/8208217346_e0e73aa73e_z.jpg?resize=300%2C209\" alt=\"8208217346_e0e73aa73e_z\" width=\"300\" height=\"209\" srcset=\"https:\/\/i0.wp.com\/www.lalberodellapsicologia.it\/wp-content\/uploads\/2017\/03\/8208217346_e0e73aa73e_z.jpg?resize=300%2C209&amp;ssl=1 300w, https:\/\/i0.wp.com\/www.lalberodellapsicologia.it\/wp-content\/uploads\/2017\/03\/8208217346_e0e73aa73e_z.jpg?w=640&amp;ssl=1 640w\" sizes=\"(max-width: 300px) 100vw, 300px\" \/><\/p>\n<p class=\"p1\">Non \u00e8 mai troppo tardi, per poter sviluppare la propria autostima, anche da adulti!<\/p>\n<p class=\"p3\"><span class=\"s1\">Quando la vita non \u00e8 stata segnata da un\u2019infanzia serena, quando<span class=\"Apple-converted-space\">\u00a0 <\/span>non siamo stati accompagnati da adulti significativi che hanno saputo sostenerci ed inviarci messaggi, in grado di infonderci un senso di sicurezza<span class=\"Apple-converted-space\">\u00a0 <\/span>e di incoraggiamento.<\/span><\/p>\n<p class=\"p3\"><span class=\"s1\">Se abbiamo vissuto circostanze che non hanno saputo offrirci le condizioni necessarie per garantirci uno sviluppo di giudizi valutativi positivi di noi stessi, con molta probabilit\u00e0, andremo incontro ad una serie di difficolt\u00e0 nella nostra autostima in et\u00e0 adulta.<\/span><\/p>\n<p class=\"p2\"><span class=\"s1\">\u00c8 soprattutto nei momenti critici, segnati dalla perdita di un lavoro, un fallimento, la fine di una storia d\u2019amore, una malattia, che ognuno di noi si confronta, pi\u00f9 da vicino, con la propria autostima e si rende conto<span class=\"Apple-converted-space\">\u00a0 <\/span>della sua eventuale carenza e dei mezzi per riuscire a svilupparla.<\/span><\/p>\n<p class=\"p2\"><span class=\"s1\"><b>IL POTERE DEI PENSIERI<\/b><\/span><\/p>\n<p class=\"p2\"><span class=\"s1\">Gli studiosi sostengono che un ruolo importante, nei processi implicati nell\u2019autostima, venga giocato dai nostri pensieri, da quello che una persona pensa e dice di se stessa, dal suo modo di interpretare ci\u00f2 che gli altri le dicono.<\/span><\/p>\n<p class=\"p2\"><span class=\"s1\">Certo, quello che accade attorno a noi ha un peso, pu\u00f2 influenzare la nostra autostima, ma non determinarla.<\/span><\/p>\n<p class=\"p2\"><span class=\"s1\"><b>UN PRIMO PASSO<\/b><\/span><\/p>\n<p class=\"p2\"><span class=\"s1\">\u00c8 importante comprendere quanto sia fondamentale, ai fini di un lavoro sulla propria autostima, prendere consapevolezza della presenza di una sua carenza e cercare in s\u00e9, le risorse e le potenzialit\u00e0 per poter cambiare il nostro modo di affrontare le circostanze sfavorevoli, con maggior forza e determinazione.<\/span><\/p>\n<p class=\"p2\"><span class=\"s1\">Tutto questo, iniziando un cammino di crescita a partire dal nostro stile di vita.<\/span><\/p>\n<p class=\"p2\"><span class=\"s1\"><b>UN CONTRIBUTO DALLA TERAPIA DELLA FAMIGLIA<\/b><\/span><\/p>\n<p class=\"p4\"><span class=\"s2\">Virgina Satir, <\/span><span class=\"s1\">psicoterapeuta americana, definita la madre della terapia della famiglia, diceva che una persona con una cattiva autostima ha sviluppato uno stile di vita a cui si \u00e8 abituata; una sorta di \u201cvestito familiare\u201d, n\u00e9 bello, n\u00e9 comodo, ma sul quale si pu\u00f2 contare.<\/span><\/p>\n<p class=\"p4\"><span class=\"s1\">Questo per dire che non \u00e8 semplice riuscire a lavorare sull\u2019autostima, soprattutto perch\u00e9 a volte diventa quasi una specie di \u201crifugio\u201d.<\/span><\/p>\n<p class=\"p4\"><span class=\"s1\"><b>RICOMINCIO DA ME\u2019<\/b><\/span><\/p>\n<p class=\"p4\"><span class=\"s1\">Fondamentale capire, che siamo solamente noi a poter prendere in mano la situazione per poterla cambiare, avviandoci verso la costruzione di un rinnovato senso di fiducia verso noi stessi, con l\u2019aiuto di un esperto si, ma a partire da noi.<\/span><\/p>\n<p class=\"p4\"><span class=\"s1\">Nessun altro pu\u00f2 mettersi in cammino al posto nostro!<\/span><\/p>\n<p class=\"p4\"><span class=\"s1\"><b>UN MODO NUOVO DI COMUNICARE CON NOI STESSI<\/b><\/span><\/p>\n<p class=\"p4\"><span class=\"s1\">Ognuno di noi si porta dietro, dalla propria infanzia, frasi che in qualche modo, sono rimaste impresse dentro di noi, finendo per formare messaggi interiorizzati che spesso continuiamo a ripetere a noi stessi, contribuendo a mantenere una cattiva autostima.<\/span><\/p>\n<p class=\"p4\"><span class=\"s1\">\u00c8 importante, allora, lavorare sulla comunicazione interiore, modificando quei messaggi che ci hanno convinti, ad esempio, del fatto che le persone non ci amano, che siamo sbagliati, che \u00e8 tutta colpa nostra, etc.<\/span><\/p>\n<p class=\"p4\"><span class=\"s1\">Qualunque essere umano pu\u00f2 imparare a selezionare i propri pensieri, trasformando quelli disfunzionali in pensieri funzionali e positivi.<\/span><\/p>\n<p class=\"p4\"><span class=\"s1\"><b>COSA FARE<\/b><\/span><\/p>\n<p class=\"p4\"><span class=\"s1\">Il primo passo consiste, come abbiamo gi\u00e0 detto, nel prendere consapevolezza del nostro dialogo interiore negativo e del nostro stato di cattiva autostima.<\/span><\/p>\n<p class=\"p4\"><span class=\"s1\">E\u2019 importante poi identificare gli elementi di questo dialogo, concedendosi dei permessi, imparando ad inviarsi messaggi incoraggianti.<\/span><\/p>\n<p class=\"p4\"><span class=\"s1\"><b>LA COMUNICAZIONE CON GLI ALTRI<\/b><\/span><\/p>\n<p class=\"p4\"><span class=\"s1\">Il nostro dialogo interiore, influenza il modo in cui parliamo di noi con gli altri.<\/span><\/p>\n<p class=\"p4\"><span class=\"s1\">Se dentro di noi abbiamo interiorizzato un \u201cgenitore che ci condanna\u201d, il nostro modo di parlare con gli altri sar\u00e0 influenzato da lui.<\/span><\/p>\n<p class=\"p4\"><span class=\"s1\">Da qui, la tendenza a scusarci, a scomparire, a metterci da parte a favore degli altri, a manipolare gli altri invece di chiedere direttamente ci\u00f2 di cui abbiamo bisogno.<\/span><\/p>\n<p class=\"p4\"><span class=\"s1\">Quando invece il nostro dialogo interiore \u00e8 positivo, fatto di comprensione, accettazione, permessi, apprezzamenti, ci permette di parlare con gli altri in maniera chiara, senza paure.<\/span><\/p>\n<p class=\"p4\"><span class=\"s1\"><b>PER CONCLUDERE<\/b><\/span><\/p>\n<p class=\"p4\"><span class=\"s1\">Quando la comunicazione interiore, ovvero quello che diciamo a noi stessi cambia in modo positivo, questo influisce sul nostro modo di relazionarci agli altri e rafforza la nostra autostima.<\/span><\/p>\n<p class=\"p4\"><span class=\"s1\">Pi\u00f9 l\u2019autostima aumenta, pi\u00f9 la comunicazione con gli altri diventa soddisfacente.<\/span><\/p>\n<p class=\"p4\"><span class=\"s1\">In un gioco di feedback, riuscire a comunicare in modo chiaro e positivo tende a potenziare la nostra autostima.\u00a0<\/span><\/p>\n<p class=\"p6\"><span class=\"s1\"><span class=\"Apple-converted-space\">\u00a0 Photo:\u00a0Micha\u0142 Koralewski<\/span><\/span><\/p>\n<div class=\"nf-post-footer\">Se hai bisogno di aiuto su questa tematica contatta la Dott.ssa Borrelli clicca qui\u00a0<a href=\"http:\/\/www.lalberodellapsicologia.it\/index.php\/chi-sono\/contatti\/\">CONTATTI<\/a><\/div>","protected":false},"excerpt":{"rendered":"<p>Non \u00e8 mai troppo tardi, per poter sviluppare la propria autostima, anche da adulti! Quando la vita non \u00e8 stata segnata da un\u2019infanzia serena, quando\u00a0 non siamo stati accompagnati da adulti significativi che hanno saputo sostenerci ed inviarci messaggi, in&hellip; <br \/><a class=\"read-more-button\" href=\"https:\/\/www.lalberodellapsicologia.it\/index.php\/2017\/03\/27\/autostima-e-dintorni\/\">Leggi tutto<\/a><\/p>\n<div class=\"nf-post-footer\">Se hai bisogno di aiuto su questa tematica contatta la Dott.ssa Borrelli clicca qui\u00a0<a href=\"http:\/\/www.lalberodellapsicologia.it\/index.php\/chi-sono\/contatti\/\">CONTATTI<\/a><\/div>","protected":false},"author":1,"featured_media":0,"comment_status":"open","ping_status":"open","sticky":false,"template":"","format":"standard","meta":{"jetpack_post_was_ever_published":false,"_jetpack_newsletter_access":"","_jetpack_dont_email_post_to_subs":false,"_jetpack_newsletter_tier_id":0,"_jetpack_memberships_contains_paywalled_content":false,"_jetpack_memberships_contains_paid_content":false,"footnotes":"","jetpack_publicize_message":"","jetpack_publicize_feature_enabled":true,"jetpack_social_post_already_shared":true,"jetpack_social_options":{"image_generator_settings":{"template":"highway","enabled":false},"version":2}},"categories":[25],"tags":[32,31,195,17,199,196,200,198,197],"class_list":["post-446","post","type-post","status-publish","format-standard","hentry","category-percorso-individuale","tag-autostima","tag-bassa-autostima","tag-cattiva-autostima","tag-comunicazione","tag-comunicazione-interiore","tag-mancanza-di-autostima","tag-pensieri-disfunzionali","tag-senso-di-fiducia","tag-stile-di-vita"],"jetpack_publicize_connections":[],"gutentor_comment":0,"yoast_head":"<!-- This site is optimized with the Yoast SEO plugin v23.4 - https:\/\/yoast.com\/wordpress\/plugins\/seo\/ -->\r\n<title>AUTOSTIMA: COME MIGLIORARLA - Lalbero della Psicologia<\/title>\r\n<meta name=\"description\" content=\"Non \u00e8 mai troppo tardi, per poter sviluppare la propria autostima. Il primo passo consiste nel prendere consapevolezza del nostro dialogo interno.\" \/>\r\n<meta name=\"robots\" content=\"index, follow, max-snippet:-1, max-image-preview:large, max-video-preview:-1\" \/>\r\n<link rel=\"canonical\" href=\"https:\/\/www.lalberodellapsicologia.it\/index.php\/2017\/03\/27\/autostima-e-dintorni\/\" \/>\r\n<meta property=\"og:locale\" content=\"it_IT\" \/>\r\n<meta property=\"og:type\" content=\"article\" \/>\r\n<meta property=\"og:title\" content=\"AUTOSTIMA: COME MIGLIORARLA - Lalbero della Psicologia\" \/>\r\n<meta property=\"og:description\" content=\"Non \u00e8 mai troppo tardi, per poter sviluppare la propria autostima. Il primo passo consiste nel prendere consapevolezza del nostro dialogo interno.\" \/>\r\n<meta property=\"og:url\" content=\"https:\/\/www.lalberodellapsicologia.it\/index.php\/2017\/03\/27\/autostima-e-dintorni\/\" \/>\r\n<meta property=\"og:site_name\" content=\"Lalbero della Psicologia\" \/>\r\n<meta property=\"article:published_time\" content=\"2017-03-27T06:00:06+00:00\" \/>\r\n<meta property=\"article:modified_time\" content=\"2017-03-26T19:36:54+00:00\" \/>\r\n<meta property=\"og:image\" content=\"http:\/\/www.lalberodellapsicologia.it\/wp-content\/uploads\/2017\/03\/8208217346_e0e73aa73e_z-300x209.jpg\" \/>\r\n<meta name=\"author\" content=\"Dott.ssa Borrelli\" \/>\r\n<meta name=\"twitter:card\" content=\"summary_large_image\" \/>\r\n<meta name=\"twitter:label1\" content=\"Scritto da\" \/>\n\t<meta name=\"twitter:data1\" content=\"Dott.ssa Borrelli\" \/>\n\t<meta name=\"twitter:label2\" content=\"Tempo di lettura stimato\" \/>\n\t<meta name=\"twitter:data2\" content=\"3 minuti\" \/>\r\n<script type=\"application\/ld+json\" class=\"yoast-schema-graph\">{\"@context\":\"https:\/\/schema.org\",\"@graph\":[{\"@type\":\"WebPage\",\"@id\":\"https:\/\/www.lalberodellapsicologia.it\/index.php\/2017\/03\/27\/autostima-e-dintorni\/\",\"url\":\"https:\/\/www.lalberodellapsicologia.it\/index.php\/2017\/03\/27\/autostima-e-dintorni\/\",\"name\":\"AUTOSTIMA: COME MIGLIORARLA - Lalbero della Psicologia\",\"isPartOf\":{\"@id\":\"https:\/\/www.lalberodellapsicologia.it\/#website\"},\"primaryImageOfPage\":{\"@id\":\"https:\/\/www.lalberodellapsicologia.it\/index.php\/2017\/03\/27\/autostima-e-dintorni\/#primaryimage\"},\"image\":{\"@id\":\"https:\/\/www.lalberodellapsicologia.it\/index.php\/2017\/03\/27\/autostima-e-dintorni\/#primaryimage\"},\"thumbnailUrl\":\"http:\/\/www.lalberodellapsicologia.it\/wp-content\/uploads\/2017\/03\/8208217346_e0e73aa73e_z-300x209.jpg\",\"datePublished\":\"2017-03-27T06:00:06+00:00\",\"dateModified\":\"2017-03-26T19:36:54+00:00\",\"author\":{\"@id\":\"https:\/\/www.lalberodellapsicologia.it\/#\/schema\/person\/c2922cf9fcb5c6743abe8c14389b16e7\"},\"description\":\"Non \u00e8 mai troppo tardi, per poter sviluppare la propria autostima. Il primo passo consiste nel prendere consapevolezza del nostro dialogo interno.\",\"breadcrumb\":{\"@id\":\"https:\/\/www.lalberodellapsicologia.it\/index.php\/2017\/03\/27\/autostima-e-dintorni\/#breadcrumb\"},\"inLanguage\":\"it-IT\",\"potentialAction\":[{\"@type\":\"ReadAction\",\"target\":[\"https:\/\/www.lalberodellapsicologia.it\/index.php\/2017\/03\/27\/autostima-e-dintorni\/\"]}]},{\"@type\":\"ImageObject\",\"inLanguage\":\"it-IT\",\"@id\":\"https:\/\/www.lalberodellapsicologia.it\/index.php\/2017\/03\/27\/autostima-e-dintorni\/#primaryimage\",\"url\":\"https:\/\/i0.wp.com\/www.lalberodellapsicologia.it\/wp-content\/uploads\/2017\/03\/8208217346_e0e73aa73e_z.jpg?fit=640%2C445&ssl=1\",\"contentUrl\":\"https:\/\/i0.wp.com\/www.lalberodellapsicologia.it\/wp-content\/uploads\/2017\/03\/8208217346_e0e73aa73e_z.jpg?fit=640%2C445&ssl=1\",\"width\":640,\"height\":445},{\"@type\":\"BreadcrumbList\",\"@id\":\"https:\/\/www.lalberodellapsicologia.it\/index.php\/2017\/03\/27\/autostima-e-dintorni\/#breadcrumb\",\"itemListElement\":[{\"@type\":\"ListItem\",\"position\":1,\"name\":\"Home\",\"item\":\"https:\/\/www.lalberodellapsicologia.it\/\"},{\"@type\":\"ListItem\",\"position\":2,\"name\":\"AUTOSTIMA: COME MIGLIORARLA\"}]},{\"@type\":\"WebSite\",\"@id\":\"https:\/\/www.lalberodellapsicologia.it\/#website\",\"url\":\"https:\/\/www.lalberodellapsicologia.it\/\",\"name\":\"Lalbero della Psicologia\",\"description\":\"\",\"potentialAction\":[{\"@type\":\"SearchAction\",\"target\":{\"@type\":\"EntryPoint\",\"urlTemplate\":\"https:\/\/www.lalberodellapsicologia.it\/?s={search_term_string}\"},\"query-input\":{\"@type\":\"PropertyValueSpecification\",\"valueRequired\":true,\"valueName\":\"search_term_string\"}}],\"inLanguage\":\"it-IT\"},{\"@type\":\"Person\",\"@id\":\"https:\/\/www.lalberodellapsicologia.it\/#\/schema\/person\/c2922cf9fcb5c6743abe8c14389b16e7\",\"name\":\"Dott.ssa Borrelli\",\"image\":{\"@type\":\"ImageObject\",\"inLanguage\":\"it-IT\",\"@id\":\"https:\/\/www.lalberodellapsicologia.it\/#\/schema\/person\/image\/\",\"url\":\"https:\/\/secure.gravatar.com\/avatar\/66fb7cb7f33813491b5627e64a5da195?s=96&d=mm&r=g\",\"contentUrl\":\"https:\/\/secure.gravatar.com\/avatar\/66fb7cb7f33813491b5627e64a5da195?s=96&d=mm&r=g\",\"caption\":\"Dott.ssa Borrelli\"},\"url\":\"https:\/\/www.lalberodellapsicologia.it\/index.php\/author\/patrizia\/\"}]}<\/script>\r\n<!-- \/ Yoast SEO plugin. -->","yoast_head_json":{"title":"AUTOSTIMA: COME MIGLIORARLA - Lalbero della Psicologia","description":"Non \u00e8 mai troppo tardi, per poter sviluppare la propria autostima. Il primo passo consiste nel prendere consapevolezza del nostro dialogo interno.","robots":{"index":"index","follow":"follow","max-snippet":"max-snippet:-1","max-image-preview":"max-image-preview:large","max-video-preview":"max-video-preview:-1"},"canonical":"https:\/\/www.lalberodellapsicologia.it\/index.php\/2017\/03\/27\/autostima-e-dintorni\/","og_locale":"it_IT","og_type":"article","og_title":"AUTOSTIMA: COME MIGLIORARLA - Lalbero della Psicologia","og_description":"Non \u00e8 mai troppo tardi, per poter sviluppare la propria autostima. Il primo passo consiste nel prendere consapevolezza del nostro dialogo interno.","og_url":"https:\/\/www.lalberodellapsicologia.it\/index.php\/2017\/03\/27\/autostima-e-dintorni\/","og_site_name":"Lalbero della Psicologia","article_published_time":"2017-03-27T06:00:06+00:00","article_modified_time":"2017-03-26T19:36:54+00:00","og_image":[{"url":"http:\/\/www.lalberodellapsicologia.it\/wp-content\/uploads\/2017\/03\/8208217346_e0e73aa73e_z-300x209.jpg"}],"author":"Dott.ssa Borrelli","twitter_card":"summary_large_image","twitter_misc":{"Scritto da":"Dott.ssa Borrelli","Tempo di lettura stimato":"3 minuti"},"schema":{"@context":"https:\/\/schema.org","@graph":[{"@type":"WebPage","@id":"https:\/\/www.lalberodellapsicologia.it\/index.php\/2017\/03\/27\/autostima-e-dintorni\/","url":"https:\/\/www.lalberodellapsicologia.it\/index.php\/2017\/03\/27\/autostima-e-dintorni\/","name":"AUTOSTIMA: COME MIGLIORARLA - Lalbero della Psicologia","isPartOf":{"@id":"https:\/\/www.lalberodellapsicologia.it\/#website"},"primaryImageOfPage":{"@id":"https:\/\/www.lalberodellapsicologia.it\/index.php\/2017\/03\/27\/autostima-e-dintorni\/#primaryimage"},"image":{"@id":"https:\/\/www.lalberodellapsicologia.it\/index.php\/2017\/03\/27\/autostima-e-dintorni\/#primaryimage"},"thumbnailUrl":"http:\/\/www.lalberodellapsicologia.it\/wp-content\/uploads\/2017\/03\/8208217346_e0e73aa73e_z-300x209.jpg","datePublished":"2017-03-27T06:00:06+00:00","dateModified":"2017-03-26T19:36:54+00:00","author":{"@id":"https:\/\/www.lalberodellapsicologia.it\/#\/schema\/person\/c2922cf9fcb5c6743abe8c14389b16e7"},"description":"Non \u00e8 mai troppo tardi, per poter sviluppare la propria autostima. Il primo passo consiste nel prendere consapevolezza del nostro dialogo interno.","breadcrumb":{"@id":"https:\/\/www.lalberodellapsicologia.it\/index.php\/2017\/03\/27\/autostima-e-dintorni\/#breadcrumb"},"inLanguage":"it-IT","potentialAction":[{"@type":"ReadAction","target":["https:\/\/www.lalberodellapsicologia.it\/index.php\/2017\/03\/27\/autostima-e-dintorni\/"]}]},{"@type":"ImageObject","inLanguage":"it-IT","@id":"https:\/\/www.lalberodellapsicologia.it\/index.php\/2017\/03\/27\/autostima-e-dintorni\/#primaryimage","url":"https:\/\/i0.wp.com\/www.lalberodellapsicologia.it\/wp-content\/uploads\/2017\/03\/8208217346_e0e73aa73e_z.jpg?fit=640%2C445&ssl=1","contentUrl":"https:\/\/i0.wp.com\/www.lalberodellapsicologia.it\/wp-content\/uploads\/2017\/03\/8208217346_e0e73aa73e_z.jpg?fit=640%2C445&ssl=1","width":640,"height":445},{"@type":"BreadcrumbList","@id":"https:\/\/www.lalberodellapsicologia.it\/index.php\/2017\/03\/27\/autostima-e-dintorni\/#breadcrumb","itemListElement":[{"@type":"ListItem","position":1,"name":"Home","item":"https:\/\/www.lalberodellapsicologia.it\/"},{"@type":"ListItem","position":2,"name":"AUTOSTIMA: COME MIGLIORARLA"}]},{"@type":"WebSite","@id":"https:\/\/www.lalberodellapsicologia.it\/#website","url":"https:\/\/www.lalberodellapsicologia.it\/","name":"Lalbero della Psicologia","description":"","potentialAction":[{"@type":"SearchAction","target":{"@type":"EntryPoint","urlTemplate":"https:\/\/www.lalberodellapsicologia.it\/?s={search_term_string}"},"query-input":{"@type":"PropertyValueSpecification","valueRequired":true,"valueName":"search_term_string"}}],"inLanguage":"it-IT"},{"@type":"Person","@id":"https:\/\/www.lalberodellapsicologia.it\/#\/schema\/person\/c2922cf9fcb5c6743abe8c14389b16e7","name":"Dott.ssa Borrelli","image":{"@type":"ImageObject","inLanguage":"it-IT","@id":"https:\/\/www.lalberodellapsicologia.it\/#\/schema\/person\/image\/","url":"https:\/\/secure.gravatar.com\/avatar\/66fb7cb7f33813491b5627e64a5da195?s=96&d=mm&r=g","contentUrl":"https:\/\/secure.gravatar.com\/avatar\/66fb7cb7f33813491b5627e64a5da195?s=96&d=mm&r=g","caption":"Dott.ssa Borrelli"},"url":"https:\/\/www.lalberodellapsicologia.it\/index.php\/author\/patrizia\/"}]}},"jetpack_featured_media_url":"","jetpack_sharing_enabled":true,"jetpack_shortlink":"https:\/\/wp.me\/p8pCML-7c","jetpack-related-posts":[],"_links":{"self":[{"href":"https:\/\/www.lalberodellapsicologia.it\/index.php\/wp-json\/wp\/v2\/posts\/446"}],"collection":[{"href":"https:\/\/www.lalberodellapsicologia.it\/index.php\/wp-json\/wp\/v2\/posts"}],"about":[{"href":"https:\/\/www.lalberodellapsicologia.it\/index.php\/wp-json\/wp\/v2\/types\/post"}],"author":[{"embeddable":true,"href":"https:\/\/www.lalberodellapsicologia.it\/index.php\/wp-json\/wp\/v2\/users\/1"}],"replies":[{"embeddable":true,"href":"https:\/\/www.lalberodellapsicologia.it\/index.php\/wp-json\/wp\/v2\/comments?post=446"}],"version-history":[{"count":5,"href":"https:\/\/www.lalberodellapsicologia.it\/index.php\/wp-json\/wp\/v2\/posts\/446\/revisions"}],"predecessor-version":[{"id":452,"href":"https:\/\/www.lalberodellapsicologia.it\/index.php\/wp-json\/wp\/v2\/posts\/446\/revisions\/452"}],"wp:attachment":[{"href":"https:\/\/www.lalberodellapsicologia.it\/index.php\/wp-json\/wp\/v2\/media?parent=446"}],"wp:term":[{"taxonomy":"category","embeddable":true,"href":"https:\/\/www.lalberodellapsicologia.it\/index.php\/wp-json\/wp\/v2\/categories?post=446"},{"taxonomy":"post_tag","embeddable":true,"href":"https:\/\/www.lalberodellapsicologia.it\/index.php\/wp-json\/wp\/v2\/tags?post=446"}],"curies":[{"name":"wp","href":"https:\/\/api.w.org\/{rel}","templated":true}]}}