{"id":430,"date":"2017-03-17T08:00:04","date_gmt":"2017-03-17T07:00:04","guid":{"rendered":"http:\/\/www.lalberodellapsicologia.it\/?p=430"},"modified":"2017-03-17T09:55:39","modified_gmt":"2017-03-17T08:55:39","slug":"adolescenti-e-gravidanza","status":"publish","type":"post","link":"https:\/\/www.lalberodellapsicologia.it\/index.php\/2017\/03\/17\/adolescenti-e-gravidanza\/","title":{"rendered":"GRAVIDANZA IN ADOLESCENZA"},"content":{"rendered":"<p class=\"p1\" style=\"text-align: justify;\"><img data-recalc-dims=\"1\" loading=\"lazy\" decoding=\"async\" data-attachment-id=\"432\" data-permalink=\"https:\/\/www.lalberodellapsicologia.it\/index.php\/2017\/03\/17\/adolescenti-e-gravidanza\/1349789860_15a5fe3b5d_z-1\/\" data-orig-file=\"https:\/\/i0.wp.com\/www.lalberodellapsicologia.it\/wp-content\/uploads\/2017\/03\/1349789860_15a5fe3b5d_z-1.jpg?fit=640%2C436&amp;ssl=1\" data-orig-size=\"640,436\" data-comments-opened=\"1\" data-image-meta=\"{&quot;aperture&quot;:&quot;0&quot;,&quot;credit&quot;:&quot;&quot;,&quot;camera&quot;:&quot;&quot;,&quot;caption&quot;:&quot;&quot;,&quot;created_timestamp&quot;:&quot;0&quot;,&quot;copyright&quot;:&quot;&quot;,&quot;focal_length&quot;:&quot;0&quot;,&quot;iso&quot;:&quot;0&quot;,&quot;shutter_speed&quot;:&quot;0&quot;,&quot;title&quot;:&quot;&quot;,&quot;orientation&quot;:&quot;0&quot;}\" data-image-title=\"1349789860_15a5fe3b5d_z-1\" data-image-description=\"\" data-image-caption=\"\" data-medium-file=\"https:\/\/i0.wp.com\/www.lalberodellapsicologia.it\/wp-content\/uploads\/2017\/03\/1349789860_15a5fe3b5d_z-1.jpg?fit=300%2C204&amp;ssl=1\" data-large-file=\"https:\/\/i0.wp.com\/www.lalberodellapsicologia.it\/wp-content\/uploads\/2017\/03\/1349789860_15a5fe3b5d_z-1.jpg?fit=640%2C436&amp;ssl=1\" tabindex=\"0\" role=\"button\" class=\"alignnone wp-image-432 size-medium\" src=\"https:\/\/i0.wp.com\/www.lalberodellapsicologia.it\/wp-content\/uploads\/2017\/03\/1349789860_15a5fe3b5d_z-1.jpg?resize=300%2C204\" alt=\"gravidanza \" width=\"300\" height=\"204\" srcset=\"https:\/\/i0.wp.com\/www.lalberodellapsicologia.it\/wp-content\/uploads\/2017\/03\/1349789860_15a5fe3b5d_z-1.jpg?resize=300%2C204&amp;ssl=1 300w, https:\/\/i0.wp.com\/www.lalberodellapsicologia.it\/wp-content\/uploads\/2017\/03\/1349789860_15a5fe3b5d_z-1.jpg?w=640&amp;ssl=1 640w\" sizes=\"(max-width: 300px) 100vw, 300px\" \/><\/p>\n<p class=\"p1\" style=\"text-align: justify;\">L\u2019et\u00e0 in cui nella nostra societ\u00e0 si raggiunge la maturit\u00e0 sessuale si \u00e8 abbassata.<\/p>\n<p class=\"p1\" style=\"text-align: justify;\"><span class=\"s1\">L\u2019et\u00e0 media del primo rapporto sessuale si stima intorno ai 15 anni: quando non si \u00e8 ancora pienamente in grado di affrontare in maniera consapevole i rischi legati alla sessualit\u00e0, come la possibilit\u00e0 di contrarre malattie a trasmissione sessuale e gravidanze indesiderate.<\/span><\/p>\n<p class=\"p1\" style=\"text-align: justify;\"><span class=\"s1\">Solitamente una gravidanza, in et\u00e0 adolescenziale, non \u00e8 cercata e voluta, ma \u00e8 un evento che \u201ccapita\u201d, con tutta una serie di implicazioni sul piano personale, familiare e sociale.<\/span><\/p>\n<p class=\"p1\" style=\"text-align: justify;\"><span class=\"s1\">Il potenziale traumatico che si accompagna a questo evento, in et\u00e0 adolescenziale, \u00e8 di un certo livello ed i motivi sono legati agli aspetti fisici che si accompagnano a tale evento: cambiamento dell\u2019aspetto, nausea, vomito, alle questioni familiari: la fatica e la paura di comunicare la cosa ai propri genitori, la sensazione di sentirsi incompresi e soli e le questioni mediche (esami, visite, controlli, etc.). <\/span><\/p>\n<p class=\"p2\" style=\"text-align: justify;\"><span class=\"s1\"><b>NON E\u2019 VERO!<\/b><\/span><\/p>\n<p class=\"p1\" style=\"text-align: justify;\"><span class=\"s1\">Capita spesso che la ragazza, per la paura ed il forte stress, venga a trovarsi in uno stato di confusione e di ambivalenza tale, da arrivare a negare la propria gravidanza, ignorando i sintomi che ad essa si accompagnano ed<span class=\"Apple-converted-space\">\u00a0 <\/span>in alcuni casi, a fare scelte di comportamento igienico pericolose, nella speranza di ottenere quello che non ha il coraggio di chiedere ai grandi, cio\u00e8 l\u2019interruzione della gravidanza.<\/span><\/p>\n<p class=\"p1\" style=\"text-align: justify;\"><span class=\"s1\">Un aspetto, quest\u2019ultimo, non solamente rischioso, perch\u00e9 non tutelante verso di s\u00e9 e verso la nuova vita, ma che da un altro lato rischia di ridurre la possibilit\u00e0 di riflettere, per tempo, sulle possibili decisioni da prendere.<\/span><\/p>\n<p class=\"p2\" style=\"text-align: justify;\"><span class=\"s1\"><b>ATTENZIONE ALLE SOSTANZE<\/b><\/span><\/p>\n<p class=\"p1\" style=\"text-align: justify;\"><span class=\"s1\">Una certa sorveglianza, quindi, deve essere rivolta all\u2019uso di sostanze, siano esse fumo, alcool, farmaci e sostanze stupefacenti.<\/span><\/p>\n<p class=\"p2\" style=\"text-align: justify;\"><span class=\"s1\"><b>QUANTA PAURA <\/b><\/span><\/p>\n<p class=\"p1\" style=\"text-align: justify;\"><span class=\"s1\">Com\u2019\u00e8 facile immaginare, non \u00e8 affatto semplice per la ragazza aprirsi, a riguardo, con i propri familiari, in particolare con i propri genitori.<\/span><\/p>\n<p class=\"p1\" style=\"text-align: justify;\"><span class=\"s1\">La paura di deluderli, \u00e8 tanta, cos\u00ec come il timore di essere punite.<\/span><\/p>\n<p class=\"p1\" style=\"text-align: justify;\"><span class=\"s1\">Altrettanto difficile, per la giovane, \u00e8 comunicare il proprio stato di gravidanza al pap\u00e0 del bambino ed alla sua famiglia e comunicarlo alla scuola ed ai propri coetanei.<\/span><\/p>\n<p class=\"p1\" style=\"text-align: justify;\"><span class=\"s1\">Spesso emerge un grande timore di essere abbandonate ed un forte senso di vergogna.<\/span><\/p>\n<p class=\"p1\" style=\"text-align: justify;\"><span class=\"s1\">Improvvisamente, la ragazza, si ritrova scaraventata nel mondo degli adulti cosa che, non di rado, la disorienta, perch\u00e9 fino a quel momento, certe questioni, non la riguardavano personalmente.<\/span><\/p>\n<p class=\"p2\" style=\"text-align: justify;\"><span class=\"s1\"><b>DOVER SCEGLIERE<\/b><\/span><\/p>\n<p class=\"p1\" style=\"text-align: justify;\"><span class=\"s1\">Proviamo ad immaginarci il peso, per un\u2019adolescente, di dover decidere cosa fare, se tenere il bambino oppure abortire.<\/span><\/p>\n<p class=\"p1\" style=\"text-align: justify;\"><span class=\"s1\">Una scelta delicata ed importante per ogni donna, a maggior ragione per una ragazza cos\u00ec giovane.<\/span><\/p>\n<p class=\"p1\" style=\"text-align: justify;\"><span class=\"s1\">In un caso o nell\u2019altro, la vita della ragazza non sar\u00e0 pi\u00f9 la stessa, sia che decida di diventare mamma, sia che decida di interrompere la gravidanza.<\/span><\/p>\n<p class=\"p1\" style=\"text-align: justify;\"><span class=\"s1\">Sarebbe importante che tale decisione potesse essere presa in un clima, per quanto possibile, sereno.<\/span><\/p>\n<p class=\"p1\" style=\"text-align: justify;\"><span class=\"s1\">Scelte ponderate, in un tempo relativamente breve e condivise con i rispettivi genitori delle famiglie dei due ragazzi, che, com\u2019\u00e8 presumibile, si conoscono anche poco; ciascuna con tutta una serie di aspettative nei confronti del futuro dei propri figli.<\/span><\/p>\n<p class=\"p1\" style=\"text-align: justify;\"><span class=\"s1\">Insomma, come si pu\u00f2 immaginare, la situazione \u00e8 complessa.<\/span><\/p>\n<p class=\"p2\" style=\"text-align: justify;\"><span class=\"s1\"><b>E IL PAPA\u2019 DEL BAMBINO?<\/b><\/span><\/p>\n<p class=\"p1\" style=\"text-align: justify;\"><span class=\"s1\">Non abbiamo molti dati a disposizione della paternit\u00e0 in adolescenza, ma alcuni autori sostengono che il padre adolescente, nel trovarsi investito prematuramente ed improvvisamente della carica di pap\u00e0, in genere non riesca a lasciarsi coinvolgere nella relazione con il proprio figlio e con la giovane madre, lasciando quest\u2019ultima entro il secondo anno di vita del bambino.<\/span><\/p>\n<p class=\"p1\" style=\"text-align: justify;\"><span class=\"s1\">Ci sono per\u00f2 anche casi, in cui il giovane pap\u00e0 riesca ad assumersi questo ruolo in modo serio e responsabile.<\/span><\/p>\n<p class=\"p2\" style=\"text-align: justify;\"><span class=\"s1\"><b>I FATTORI PSICOLOGICI<\/b><\/span><\/p>\n<p class=\"p1\" style=\"text-align: justify;\"><span class=\"s1\">Quando la gravidanza si intreccia con l\u2019adolescenza della madre, va a scontrarsi con i cambiamenti che si accompagnano in tale fase e questo complica la costituzione dell\u2019identit\u00e0 materna della ragazza.<\/span><\/p>\n<p class=\"p1\" style=\"text-align: justify;\"><span class=\"s1\">Questo perch\u00e9, la gravidanza, si sovrappone all\u2019immagine di s\u00e9 come donna e non si sviluppa come la sua naturale continuazione.<\/span><\/p>\n<p class=\"p1\" style=\"text-align: justify;\"><span class=\"s1\">Altro aspetto importante da prendere in considerazione, il fatto che le adolescenti sono ancora prese dalle dinamiche di separazione e individuazione dalle figure genitoriali e questo non le aiuta a dare spazio mentale all\u2019esperienza della maternit\u00e0.<\/span><\/p>\n<p class=\"p1\" style=\"text-align: justify;\"><span class=\"s1\">Come abbiamo gi\u00e0 detto , spesso le adolescenti tendono a mettere in moto, senza rendersene conto, risposte difensive e di distanziamento emotivo e questo va ad ostacolare la possibilit\u00e0 che riescano ad avviare processi di mentalizzazione del prossimo nascituro.<\/span><\/p>\n<p class=\"p1\" style=\"text-align: justify;\"><span class=\"s1\"><b>IL RUOLO DEI GENITORI<\/b><\/span><\/p>\n<p class=\"p1\" style=\"text-align: justify;\"><span class=\"s1\">Certo, la notizia che la propria figlia adolescente sia rimasta incinta \u00e8 sconvolgente e spesso accompagnata da un forte vissuto di rabbia, ma \u00e8 estremamente importante che la ragazza senta di potersi aprire sull\u2019argomento con i propri genitori e si senta sostenuta.<\/span><\/p>\n<p class=\"p1\" style=\"text-align: justify;\"><span class=\"s1\">Ogni possibile decisione va affrontata nella maniera pi\u00f9 serena possibile e dopo un\u2019accurata riflessione, per il bene della ragazza e per quello del futuro bambino che nascer\u00e0, se la decisione sar\u00e0 quella di portare avanti la gravidanza.<\/span><\/p>\n<p class=\"p1\" style=\"text-align: justify;\"><span class=\"s1\">Aspetto fondamentale \u00e8 che i genitori cerchino di non imporre la propria decisione ai figli, ma siano pronti a sostenerli e a stargli accanto qualsiasi decisione finale venga presa dal minore, certo nella tutela della sua salute!<\/span><\/p>\n<p class=\"p1\" style=\"text-align: justify;\"><span class=\"s1\">Se necessario, visto il peso emotivo della situazione, potrebbe essere importante, farsi affiancare da uno psicologo che aiuti sia la minore che la famiglia a vivere tale momento ricorrendo alle strategie di coping pi\u00f9 adeguate, per superare questa fase nella maniera pi\u00f9 serena possibile.<\/span><\/p>\n<p class=\"p1\" style=\"text-align: justify;\">Photo:\u00a0Alain Bachellier<\/p>\n<div class=\"nf-post-footer\">Se hai bisogno di aiuto su questa tematica contatta la Dott.ssa Borrelli clicca qui\u00a0<a href=\"http:\/\/www.lalberodellapsicologia.it\/index.php\/chi-sono\/contatti\/\">CONTATTI<\/a><\/div>","protected":false},"excerpt":{"rendered":"<p>L\u2019et\u00e0 in cui nella nostra societ\u00e0 si raggiunge la maturit\u00e0 sessuale si \u00e8 abbassata. L\u2019et\u00e0 media del primo rapporto sessuale si stima intorno ai 15 anni: quando non si \u00e8 ancora pienamente in grado di affrontare in maniera consapevole i&hellip; <br \/><a class=\"read-more-button\" href=\"https:\/\/www.lalberodellapsicologia.it\/index.php\/2017\/03\/17\/adolescenti-e-gravidanza\/\">Leggi tutto<\/a><\/p>\n<div class=\"nf-post-footer\">Se hai bisogno di aiuto su questa tematica contatta la Dott.ssa Borrelli clicca qui\u00a0<a href=\"http:\/\/www.lalberodellapsicologia.it\/index.php\/chi-sono\/contatti\/\">CONTATTI<\/a><\/div>","protected":false},"author":1,"featured_media":0,"comment_status":"open","ping_status":"open","sticky":false,"template":"","format":"standard","meta":{"jetpack_post_was_ever_published":false,"_jetpack_newsletter_access":"","_jetpack_dont_email_post_to_subs":true,"_jetpack_newsletter_tier_id":0,"_jetpack_memberships_contains_paywalled_content":false,"_jetpack_memberships_contains_paid_content":false,"footnotes":"","jetpack_publicize_message":"","jetpack_publicize_feature_enabled":true,"jetpack_social_post_already_shared":true,"jetpack_social_options":{"image_generator_settings":{"template":"highway","enabled":false},"version":2}},"categories":[51],"tags":[171,173,174,172,175],"class_list":["post-430","post","type-post","status-publish","format-standard","hentry","category-genitori-e-figli","tag-adolescenza","tag-giovani-mamme","tag-gravidanza-in-adolescenza","tag-gravidanza-indesiderata","tag-gravidanza-prematura"],"jetpack_publicize_connections":[],"gutentor_comment":0,"yoast_head":"<!-- This site is optimized with the Yoast SEO plugin v23.4 - https:\/\/yoast.com\/wordpress\/plugins\/seo\/ -->\r\n<title>GRAVIDANZA IN ADOLESCENZA - Lalbero della Psicologia<\/title>\r\n<meta name=\"description\" content=\"La gravidanza in adolescenza, un evento estremamente critico in cui \u00e8 fondamentale che la ragazza possa essere sostenuta nelle sue scelte dai suoi genitori.\" \/>\r\n<meta name=\"robots\" content=\"index, follow, max-snippet:-1, max-image-preview:large, max-video-preview:-1\" \/>\r\n<link rel=\"canonical\" href=\"https:\/\/www.lalberodellapsicologia.it\/index.php\/2017\/03\/17\/adolescenti-e-gravidanza\/\" \/>\r\n<meta property=\"og:locale\" content=\"it_IT\" \/>\r\n<meta property=\"og:type\" content=\"article\" \/>\r\n<meta property=\"og:title\" content=\"GRAVIDANZA IN ADOLESCENZA - Lalbero della Psicologia\" \/>\r\n<meta property=\"og:description\" content=\"La gravidanza in adolescenza, un evento estremamente critico in cui \u00e8 fondamentale che la ragazza possa essere sostenuta nelle sue scelte dai suoi genitori.\" \/>\r\n<meta property=\"og:url\" content=\"https:\/\/www.lalberodellapsicologia.it\/index.php\/2017\/03\/17\/adolescenti-e-gravidanza\/\" \/>\r\n<meta property=\"og:site_name\" content=\"Lalbero della Psicologia\" \/>\r\n<meta property=\"article:published_time\" content=\"2017-03-17T07:00:04+00:00\" \/>\r\n<meta property=\"article:modified_time\" content=\"2017-03-17T08:55:39+00:00\" \/>\r\n<meta property=\"og:image\" content=\"http:\/\/www.lalberodellapsicologia.it\/wp-content\/uploads\/2017\/03\/1349789860_15a5fe3b5d_z-1-300x204.jpg\" \/>\r\n<meta name=\"author\" content=\"Dott.ssa Borrelli\" \/>\r\n<meta name=\"twitter:card\" content=\"summary_large_image\" \/>\r\n<meta name=\"twitter:label1\" content=\"Scritto da\" \/>\n\t<meta name=\"twitter:data1\" content=\"Dott.ssa Borrelli\" \/>\n\t<meta name=\"twitter:label2\" content=\"Tempo di lettura stimato\" \/>\n\t<meta name=\"twitter:data2\" content=\"4 minuti\" \/>\r\n<script type=\"application\/ld+json\" class=\"yoast-schema-graph\">{\"@context\":\"https:\/\/schema.org\",\"@graph\":[{\"@type\":\"WebPage\",\"@id\":\"https:\/\/www.lalberodellapsicologia.it\/index.php\/2017\/03\/17\/adolescenti-e-gravidanza\/\",\"url\":\"https:\/\/www.lalberodellapsicologia.it\/index.php\/2017\/03\/17\/adolescenti-e-gravidanza\/\",\"name\":\"GRAVIDANZA IN ADOLESCENZA - Lalbero della Psicologia\",\"isPartOf\":{\"@id\":\"https:\/\/www.lalberodellapsicologia.it\/#website\"},\"primaryImageOfPage\":{\"@id\":\"https:\/\/www.lalberodellapsicologia.it\/index.php\/2017\/03\/17\/adolescenti-e-gravidanza\/#primaryimage\"},\"image\":{\"@id\":\"https:\/\/www.lalberodellapsicologia.it\/index.php\/2017\/03\/17\/adolescenti-e-gravidanza\/#primaryimage\"},\"thumbnailUrl\":\"http:\/\/www.lalberodellapsicologia.it\/wp-content\/uploads\/2017\/03\/1349789860_15a5fe3b5d_z-1-300x204.jpg\",\"datePublished\":\"2017-03-17T07:00:04+00:00\",\"dateModified\":\"2017-03-17T08:55:39+00:00\",\"author\":{\"@id\":\"https:\/\/www.lalberodellapsicologia.it\/#\/schema\/person\/c2922cf9fcb5c6743abe8c14389b16e7\"},\"description\":\"La gravidanza in adolescenza, un evento estremamente critico in cui \u00e8 fondamentale che la ragazza possa essere sostenuta nelle sue scelte dai suoi genitori.\",\"breadcrumb\":{\"@id\":\"https:\/\/www.lalberodellapsicologia.it\/index.php\/2017\/03\/17\/adolescenti-e-gravidanza\/#breadcrumb\"},\"inLanguage\":\"it-IT\",\"potentialAction\":[{\"@type\":\"ReadAction\",\"target\":[\"https:\/\/www.lalberodellapsicologia.it\/index.php\/2017\/03\/17\/adolescenti-e-gravidanza\/\"]}]},{\"@type\":\"ImageObject\",\"inLanguage\":\"it-IT\",\"@id\":\"https:\/\/www.lalberodellapsicologia.it\/index.php\/2017\/03\/17\/adolescenti-e-gravidanza\/#primaryimage\",\"url\":\"https:\/\/i0.wp.com\/www.lalberodellapsicologia.it\/wp-content\/uploads\/2017\/03\/1349789860_15a5fe3b5d_z-1.jpg?fit=640%2C436&ssl=1\",\"contentUrl\":\"https:\/\/i0.wp.com\/www.lalberodellapsicologia.it\/wp-content\/uploads\/2017\/03\/1349789860_15a5fe3b5d_z-1.jpg?fit=640%2C436&ssl=1\",\"width\":640,\"height\":436},{\"@type\":\"BreadcrumbList\",\"@id\":\"https:\/\/www.lalberodellapsicologia.it\/index.php\/2017\/03\/17\/adolescenti-e-gravidanza\/#breadcrumb\",\"itemListElement\":[{\"@type\":\"ListItem\",\"position\":1,\"name\":\"Home\",\"item\":\"https:\/\/www.lalberodellapsicologia.it\/\"},{\"@type\":\"ListItem\",\"position\":2,\"name\":\"GRAVIDANZA IN ADOLESCENZA\"}]},{\"@type\":\"WebSite\",\"@id\":\"https:\/\/www.lalberodellapsicologia.it\/#website\",\"url\":\"https:\/\/www.lalberodellapsicologia.it\/\",\"name\":\"Lalbero della Psicologia\",\"description\":\"\",\"potentialAction\":[{\"@type\":\"SearchAction\",\"target\":{\"@type\":\"EntryPoint\",\"urlTemplate\":\"https:\/\/www.lalberodellapsicologia.it\/?s={search_term_string}\"},\"query-input\":{\"@type\":\"PropertyValueSpecification\",\"valueRequired\":true,\"valueName\":\"search_term_string\"}}],\"inLanguage\":\"it-IT\"},{\"@type\":\"Person\",\"@id\":\"https:\/\/www.lalberodellapsicologia.it\/#\/schema\/person\/c2922cf9fcb5c6743abe8c14389b16e7\",\"name\":\"Dott.ssa Borrelli\",\"image\":{\"@type\":\"ImageObject\",\"inLanguage\":\"it-IT\",\"@id\":\"https:\/\/www.lalberodellapsicologia.it\/#\/schema\/person\/image\/\",\"url\":\"https:\/\/secure.gravatar.com\/avatar\/66fb7cb7f33813491b5627e64a5da195?s=96&d=mm&r=g\",\"contentUrl\":\"https:\/\/secure.gravatar.com\/avatar\/66fb7cb7f33813491b5627e64a5da195?s=96&d=mm&r=g\",\"caption\":\"Dott.ssa Borrelli\"},\"url\":\"https:\/\/www.lalberodellapsicologia.it\/index.php\/author\/patrizia\/\"}]}<\/script>\r\n<!-- \/ Yoast SEO plugin. -->","yoast_head_json":{"title":"GRAVIDANZA IN ADOLESCENZA - Lalbero della Psicologia","description":"La gravidanza in adolescenza, un evento estremamente critico in cui \u00e8 fondamentale che la ragazza possa essere sostenuta nelle sue scelte dai suoi genitori.","robots":{"index":"index","follow":"follow","max-snippet":"max-snippet:-1","max-image-preview":"max-image-preview:large","max-video-preview":"max-video-preview:-1"},"canonical":"https:\/\/www.lalberodellapsicologia.it\/index.php\/2017\/03\/17\/adolescenti-e-gravidanza\/","og_locale":"it_IT","og_type":"article","og_title":"GRAVIDANZA IN ADOLESCENZA - Lalbero della Psicologia","og_description":"La gravidanza in adolescenza, un evento estremamente critico in cui \u00e8 fondamentale che la ragazza possa essere sostenuta nelle sue scelte dai suoi genitori.","og_url":"https:\/\/www.lalberodellapsicologia.it\/index.php\/2017\/03\/17\/adolescenti-e-gravidanza\/","og_site_name":"Lalbero della Psicologia","article_published_time":"2017-03-17T07:00:04+00:00","article_modified_time":"2017-03-17T08:55:39+00:00","og_image":[{"url":"http:\/\/www.lalberodellapsicologia.it\/wp-content\/uploads\/2017\/03\/1349789860_15a5fe3b5d_z-1-300x204.jpg"}],"author":"Dott.ssa Borrelli","twitter_card":"summary_large_image","twitter_misc":{"Scritto da":"Dott.ssa Borrelli","Tempo di lettura stimato":"4 minuti"},"schema":{"@context":"https:\/\/schema.org","@graph":[{"@type":"WebPage","@id":"https:\/\/www.lalberodellapsicologia.it\/index.php\/2017\/03\/17\/adolescenti-e-gravidanza\/","url":"https:\/\/www.lalberodellapsicologia.it\/index.php\/2017\/03\/17\/adolescenti-e-gravidanza\/","name":"GRAVIDANZA IN ADOLESCENZA - Lalbero della Psicologia","isPartOf":{"@id":"https:\/\/www.lalberodellapsicologia.it\/#website"},"primaryImageOfPage":{"@id":"https:\/\/www.lalberodellapsicologia.it\/index.php\/2017\/03\/17\/adolescenti-e-gravidanza\/#primaryimage"},"image":{"@id":"https:\/\/www.lalberodellapsicologia.it\/index.php\/2017\/03\/17\/adolescenti-e-gravidanza\/#primaryimage"},"thumbnailUrl":"http:\/\/www.lalberodellapsicologia.it\/wp-content\/uploads\/2017\/03\/1349789860_15a5fe3b5d_z-1-300x204.jpg","datePublished":"2017-03-17T07:00:04+00:00","dateModified":"2017-03-17T08:55:39+00:00","author":{"@id":"https:\/\/www.lalberodellapsicologia.it\/#\/schema\/person\/c2922cf9fcb5c6743abe8c14389b16e7"},"description":"La gravidanza in adolescenza, un evento estremamente critico in cui \u00e8 fondamentale che la ragazza possa essere sostenuta nelle sue scelte dai suoi genitori.","breadcrumb":{"@id":"https:\/\/www.lalberodellapsicologia.it\/index.php\/2017\/03\/17\/adolescenti-e-gravidanza\/#breadcrumb"},"inLanguage":"it-IT","potentialAction":[{"@type":"ReadAction","target":["https:\/\/www.lalberodellapsicologia.it\/index.php\/2017\/03\/17\/adolescenti-e-gravidanza\/"]}]},{"@type":"ImageObject","inLanguage":"it-IT","@id":"https:\/\/www.lalberodellapsicologia.it\/index.php\/2017\/03\/17\/adolescenti-e-gravidanza\/#primaryimage","url":"https:\/\/i0.wp.com\/www.lalberodellapsicologia.it\/wp-content\/uploads\/2017\/03\/1349789860_15a5fe3b5d_z-1.jpg?fit=640%2C436&ssl=1","contentUrl":"https:\/\/i0.wp.com\/www.lalberodellapsicologia.it\/wp-content\/uploads\/2017\/03\/1349789860_15a5fe3b5d_z-1.jpg?fit=640%2C436&ssl=1","width":640,"height":436},{"@type":"BreadcrumbList","@id":"https:\/\/www.lalberodellapsicologia.it\/index.php\/2017\/03\/17\/adolescenti-e-gravidanza\/#breadcrumb","itemListElement":[{"@type":"ListItem","position":1,"name":"Home","item":"https:\/\/www.lalberodellapsicologia.it\/"},{"@type":"ListItem","position":2,"name":"GRAVIDANZA IN ADOLESCENZA"}]},{"@type":"WebSite","@id":"https:\/\/www.lalberodellapsicologia.it\/#website","url":"https:\/\/www.lalberodellapsicologia.it\/","name":"Lalbero della Psicologia","description":"","potentialAction":[{"@type":"SearchAction","target":{"@type":"EntryPoint","urlTemplate":"https:\/\/www.lalberodellapsicologia.it\/?s={search_term_string}"},"query-input":{"@type":"PropertyValueSpecification","valueRequired":true,"valueName":"search_term_string"}}],"inLanguage":"it-IT"},{"@type":"Person","@id":"https:\/\/www.lalberodellapsicologia.it\/#\/schema\/person\/c2922cf9fcb5c6743abe8c14389b16e7","name":"Dott.ssa Borrelli","image":{"@type":"ImageObject","inLanguage":"it-IT","@id":"https:\/\/www.lalberodellapsicologia.it\/#\/schema\/person\/image\/","url":"https:\/\/secure.gravatar.com\/avatar\/66fb7cb7f33813491b5627e64a5da195?s=96&d=mm&r=g","contentUrl":"https:\/\/secure.gravatar.com\/avatar\/66fb7cb7f33813491b5627e64a5da195?s=96&d=mm&r=g","caption":"Dott.ssa Borrelli"},"url":"https:\/\/www.lalberodellapsicologia.it\/index.php\/author\/patrizia\/"}]}},"jetpack_featured_media_url":"","jetpack_sharing_enabled":true,"jetpack_shortlink":"https:\/\/wp.me\/p8pCML-6W","jetpack-related-posts":[],"_links":{"self":[{"href":"https:\/\/www.lalberodellapsicologia.it\/index.php\/wp-json\/wp\/v2\/posts\/430"}],"collection":[{"href":"https:\/\/www.lalberodellapsicologia.it\/index.php\/wp-json\/wp\/v2\/posts"}],"about":[{"href":"https:\/\/www.lalberodellapsicologia.it\/index.php\/wp-json\/wp\/v2\/types\/post"}],"author":[{"embeddable":true,"href":"https:\/\/www.lalberodellapsicologia.it\/index.php\/wp-json\/wp\/v2\/users\/1"}],"replies":[{"embeddable":true,"href":"https:\/\/www.lalberodellapsicologia.it\/index.php\/wp-json\/wp\/v2\/comments?post=430"}],"version-history":[{"count":5,"href":"https:\/\/www.lalberodellapsicologia.it\/index.php\/wp-json\/wp\/v2\/posts\/430\/revisions"}],"predecessor-version":[{"id":436,"href":"https:\/\/www.lalberodellapsicologia.it\/index.php\/wp-json\/wp\/v2\/posts\/430\/revisions\/436"}],"wp:attachment":[{"href":"https:\/\/www.lalberodellapsicologia.it\/index.php\/wp-json\/wp\/v2\/media?parent=430"}],"wp:term":[{"taxonomy":"category","embeddable":true,"href":"https:\/\/www.lalberodellapsicologia.it\/index.php\/wp-json\/wp\/v2\/categories?post=430"},{"taxonomy":"post_tag","embeddable":true,"href":"https:\/\/www.lalberodellapsicologia.it\/index.php\/wp-json\/wp\/v2\/tags?post=430"}],"curies":[{"name":"wp","href":"https:\/\/api.w.org\/{rel}","templated":true}]}}