{"id":195,"date":"2017-02-20T08:00:28","date_gmt":"2017-02-20T07:00:28","guid":{"rendered":"http:\/\/www.lalberodellapsicologia.it\/?p=195"},"modified":"2017-02-18T10:53:03","modified_gmt":"2017-02-18T09:53:03","slug":"comunicazione-assertiva-fai-valere-punto-vista","status":"publish","type":"post","link":"https:\/\/www.lalberodellapsicologia.it\/index.php\/2017\/02\/20\/comunicazione-assertiva-fai-valere-punto-vista\/","title":{"rendered":"Assertivit\u00e0, come la comunicazione assertiva migliora i tuoi rapporti interpersonali"},"content":{"rendered":"<p class=\"p1\"><span class=\"s1\">L\u2019 <b>assertivit\u00e0 <\/b>\u00e8 la capacit\u00e0 dell\u2019individuo di <b>far valere il proprio punto di vista<\/b>, ottenere il rispetto sentendosi liberi di credere nei propri valori, andando in contro a reazioni positive da parte dell\u2019ascoltatore.<\/span><\/p>\n<p class=\"p1\"><span class=\"s1\"><b>Gli elementi della comunicazione assertiva<\/b><\/span><\/p>\n<p class=\"p1\"><span class=\"s1\">La persona assertiva mette in campo, nella relazione con gli altri, una serie di aspetti:<\/span><\/p>\n<p class=\"p1\"><span class=\"s1\">Un\u00a0<b>comportamento partecipe<\/b> ed attivo.<\/span><\/p>\n<p class=\"p1\"><span class=\"s1\">\u00c8 capace di <b>manifestare i propri sentimenti <\/b>senza aggredire l\u2019altro.<\/span><\/p>\n<p class=\"p1\"><span class=\"s1\">Ha <b>fiducia in s\u00e9 e negli altri.<\/b><\/span><\/p>\n<p class=\"p1\"><span class=\"s1\">Ha un comportamento\u00a0<b>responsabile delle proprie azioni.<\/b><\/span><\/p>\n<p class=\"p1\"><span class=\"s1\">Afferma i propri diritti, senza negare quelli altrui.<\/span><\/p>\n<p class=\"p1\"><span class=\"s1\">Non si fa guidare da stereotipi o pregiudizi.<\/span><\/p>\n<p class=\"p1\"><span class=\"s1\">Sa ascoltare.<\/span><\/p>\n<p class=\"p1\"><span class=\"s1\">\u00c8 aperto e cordiale.<\/span><\/p>\n<p class=\"p1\"><span class=\"s1\">\u00c8 attento anche agli aspetti emotivi della comunicazione. <\/span><\/p>\n<p class=\"p1\"><span class=\"s1\">Chiede chiarimenti.<\/span><\/p>\n<p class=\"p2\"><span class=\"s1\"><b>Assertivit\u00e0 e comunicazione verbale<\/b><\/span><\/p>\n<p class=\"p2\"><span class=\"s1\">L\u2019assertivit\u00e0 si serve di parole che siano in grado di esprimere fiducia in se stessi e negli altri.<\/span><\/p>\n<p class=\"p2\"><span class=\"s1\">Negli scambi con il prossimo, la persona assertiva, non prevarica gli altri, non esprime giudizi e non ferisce la sensibilit\u00e0 dell\u2019altro con offese.<\/span><\/p>\n<p class=\"p2\"><span class=\"s1\"><b>Assertivit\u00e0 e comunicazione non verbale<\/b><\/span><\/p>\n<p class=\"p2\"><span class=\"s1\">Ha un\u2019importanza fondamentale ed \u00e8 fatta di <b>espressioni del volto, tono della voce, utilizzo delle pause, mimica del volto, gestualit\u00e0, prossemica, etc.<\/b><\/span><\/p>\n<p class=\"p2\"><span class=\"s1\"><b>Assertivit\u00e0 ed emozioni<\/b><\/span><\/p>\n<p class=\"p2\"><span class=\"s1\">\u00c8 fondamentale, per essere assertivi, trasmettere il proprio messaggio a livello emotivo, grazie al tono ed al volume della voce.<\/span><\/p>\n<p class=\"p3\"><span class=\"s1\"><b>L\u2019elemento cognitivo<\/b><br \/>\nOgnuno di noi \u00e8 condizionato dai propri pensieri.<\/span><\/p>\n<p class=\"p3\"><span class=\"s1\">L\u2019assertivit\u00e0 \u00e8 sostenuta dal fatto di credere nelle proprie possibilit\u00e0 e nella propria capacit\u00e0 di affermare se e di immaginarsi nell\u2019atto di riuscire in tutto questo.<\/span><\/p>\n<div class=\"nf-post-footer\">Se hai bisogno di aiuto su questa tematica contatta la Dott.ssa Borrelli clicca qui\u00a0<a href=\"http:\/\/www.lalberodellapsicologia.it\/index.php\/chi-sono\/contatti\/\">CONTATTI<\/a><\/div>","protected":false},"excerpt":{"rendered":"<p>L\u2019 assertivit\u00e0 \u00e8 la capacit\u00e0 dell\u2019individuo di far valere il proprio punto di vista, ottenere il rispetto sentendosi liberi di credere nei propri valori, andando in contro a reazioni positive da parte dell\u2019ascoltatore. Gli elementi della comunicazione assertiva La persona&hellip; <br \/><a class=\"read-more-button\" href=\"https:\/\/www.lalberodellapsicologia.it\/index.php\/2017\/02\/20\/comunicazione-assertiva-fai-valere-punto-vista\/\">Leggi tutto<\/a><\/p>\n<div class=\"nf-post-footer\">Se hai bisogno di aiuto su questa tematica contatta la Dott.ssa Borrelli clicca qui\u00a0<a href=\"http:\/\/www.lalberodellapsicologia.it\/index.php\/chi-sono\/contatti\/\">CONTATTI<\/a><\/div>","protected":false},"author":9,"featured_media":0,"comment_status":"open","ping_status":"open","sticky":false,"template":"","format":"standard","meta":{"jetpack_post_was_ever_published":false,"_jetpack_newsletter_access":"","_jetpack_dont_email_post_to_subs":false,"_jetpack_newsletter_tier_id":0,"_jetpack_memberships_contains_paywalled_content":false,"_jetpack_memberships_contains_paid_content":false,"footnotes":"","jetpack_publicize_message":"","jetpack_publicize_feature_enabled":true,"jetpack_social_post_already_shared":true,"jetpack_social_options":{"image_generator_settings":{"template":"highway","enabled":false},"version":2}},"categories":[44],"tags":[61,59,17,21,62,60],"class_list":["post-195","post","type-post","status-publish","format-standard","hentry","category-comunicazione","tag-assertiva","tag-comunicare","tag-comunicazione","tag-emozioni","tag-fiducia","tag-punto-di-vista"],"jetpack_publicize_connections":[],"gutentor_comment":0,"yoast_head":"<!-- This site is optimized with the Yoast SEO plugin v23.4 - https:\/\/yoast.com\/wordpress\/plugins\/seo\/ -->\r\n<title>Assertivit\u00e0, come la comunicazione assertiva migliora i tuoi rapporti interpersonali - Lalbero della Psicologia<\/title>\r\n<meta name=\"description\" content=\"L\u2019 assertivit\u00e0 \u00e8 la capacit\u00e0 dell\u2019individuo di far valere il proprio punto di vista, ottenere il rispetto sentendosi liberi di credere nei propri valori,\" \/>\r\n<meta name=\"robots\" content=\"index, follow, max-snippet:-1, max-image-preview:large, max-video-preview:-1\" \/>\r\n<link rel=\"canonical\" href=\"https:\/\/www.lalberodellapsicologia.it\/index.php\/2017\/02\/20\/comunicazione-assertiva-fai-valere-punto-vista\/\" \/>\r\n<meta property=\"og:locale\" content=\"it_IT\" \/>\r\n<meta property=\"og:type\" content=\"article\" \/>\r\n<meta property=\"og:title\" content=\"Assertivit\u00e0, come la comunicazione assertiva migliora i tuoi rapporti interpersonali - Lalbero della Psicologia\" \/>\r\n<meta property=\"og:description\" content=\"L\u2019 assertivit\u00e0 \u00e8 la capacit\u00e0 dell\u2019individuo di far valere il proprio punto di vista, ottenere il rispetto sentendosi liberi di credere nei propri valori,\" \/>\r\n<meta property=\"og:url\" content=\"https:\/\/www.lalberodellapsicologia.it\/index.php\/2017\/02\/20\/comunicazione-assertiva-fai-valere-punto-vista\/\" \/>\r\n<meta property=\"og:site_name\" content=\"Lalbero della Psicologia\" \/>\r\n<meta property=\"article:published_time\" content=\"2017-02-20T07:00:28+00:00\" \/>\r\n<meta property=\"article:modified_time\" content=\"2017-02-18T09:53:03+00:00\" \/>\r\n<meta name=\"author\" content=\"Dott.ssa Borrelli\" \/>\r\n<meta name=\"twitter:card\" content=\"summary_large_image\" \/>\r\n<meta name=\"twitter:label1\" content=\"Scritto da\" \/>\n\t<meta name=\"twitter:data1\" content=\"Dott.ssa Borrelli\" \/>\n\t<meta name=\"twitter:label2\" content=\"Tempo di lettura stimato\" \/>\n\t<meta name=\"twitter:data2\" content=\"1 minuto\" \/>\r\n<script type=\"application\/ld+json\" class=\"yoast-schema-graph\">{\"@context\":\"https:\/\/schema.org\",\"@graph\":[{\"@type\":\"WebPage\",\"@id\":\"https:\/\/www.lalberodellapsicologia.it\/index.php\/2017\/02\/20\/comunicazione-assertiva-fai-valere-punto-vista\/\",\"url\":\"https:\/\/www.lalberodellapsicologia.it\/index.php\/2017\/02\/20\/comunicazione-assertiva-fai-valere-punto-vista\/\",\"name\":\"Assertivit\u00e0, come la comunicazione assertiva migliora i tuoi rapporti interpersonali - Lalbero della Psicologia\",\"isPartOf\":{\"@id\":\"https:\/\/www.lalberodellapsicologia.it\/#website\"},\"datePublished\":\"2017-02-20T07:00:28+00:00\",\"dateModified\":\"2017-02-18T09:53:03+00:00\",\"author\":{\"@id\":\"https:\/\/www.lalberodellapsicologia.it\/#\/schema\/person\/70fca387ee2622453a79510b3c9c23a2\"},\"description\":\"L\u2019 assertivit\u00e0 \u00e8 la capacit\u00e0 dell\u2019individuo di far valere il proprio punto di vista, ottenere il rispetto sentendosi liberi di credere nei propri valori,\",\"breadcrumb\":{\"@id\":\"https:\/\/www.lalberodellapsicologia.it\/index.php\/2017\/02\/20\/comunicazione-assertiva-fai-valere-punto-vista\/#breadcrumb\"},\"inLanguage\":\"it-IT\",\"potentialAction\":[{\"@type\":\"ReadAction\",\"target\":[\"https:\/\/www.lalberodellapsicologia.it\/index.php\/2017\/02\/20\/comunicazione-assertiva-fai-valere-punto-vista\/\"]}]},{\"@type\":\"BreadcrumbList\",\"@id\":\"https:\/\/www.lalberodellapsicologia.it\/index.php\/2017\/02\/20\/comunicazione-assertiva-fai-valere-punto-vista\/#breadcrumb\",\"itemListElement\":[{\"@type\":\"ListItem\",\"position\":1,\"name\":\"Home\",\"item\":\"https:\/\/www.lalberodellapsicologia.it\/\"},{\"@type\":\"ListItem\",\"position\":2,\"name\":\"Assertivit\u00e0, come la comunicazione assertiva migliora i tuoi rapporti interpersonali\"}]},{\"@type\":\"WebSite\",\"@id\":\"https:\/\/www.lalberodellapsicologia.it\/#website\",\"url\":\"https:\/\/www.lalberodellapsicologia.it\/\",\"name\":\"Lalbero della Psicologia\",\"description\":\"\",\"potentialAction\":[{\"@type\":\"SearchAction\",\"target\":{\"@type\":\"EntryPoint\",\"urlTemplate\":\"https:\/\/www.lalberodellapsicologia.it\/?s={search_term_string}\"},\"query-input\":{\"@type\":\"PropertyValueSpecification\",\"valueRequired\":true,\"valueName\":\"search_term_string\"}}],\"inLanguage\":\"it-IT\"},{\"@type\":\"Person\",\"@id\":\"https:\/\/www.lalberodellapsicologia.it\/#\/schema\/person\/70fca387ee2622453a79510b3c9c23a2\",\"name\":\"Dott.ssa Borrelli\",\"image\":{\"@type\":\"ImageObject\",\"inLanguage\":\"it-IT\",\"@id\":\"https:\/\/www.lalberodellapsicologia.it\/#\/schema\/person\/image\/\",\"url\":\"https:\/\/secure.gravatar.com\/avatar\/e3a87acc8ae117573abe3403b3a3f53a?s=96&d=mm&r=g\",\"contentUrl\":\"https:\/\/secure.gravatar.com\/avatar\/e3a87acc8ae117573abe3403b3a3f53a?s=96&d=mm&r=g\",\"caption\":\"Dott.ssa Borrelli\"},\"url\":\"https:\/\/www.lalberodellapsicologia.it\/index.php\/author\/fab\/\"}]}<\/script>\r\n<!-- \/ Yoast SEO plugin. -->","yoast_head_json":{"title":"Assertivit\u00e0, come la comunicazione assertiva migliora i tuoi rapporti interpersonali - Lalbero della Psicologia","description":"L\u2019 assertivit\u00e0 \u00e8 la capacit\u00e0 dell\u2019individuo di far valere il proprio punto di vista, ottenere il rispetto sentendosi liberi di credere nei propri valori,","robots":{"index":"index","follow":"follow","max-snippet":"max-snippet:-1","max-image-preview":"max-image-preview:large","max-video-preview":"max-video-preview:-1"},"canonical":"https:\/\/www.lalberodellapsicologia.it\/index.php\/2017\/02\/20\/comunicazione-assertiva-fai-valere-punto-vista\/","og_locale":"it_IT","og_type":"article","og_title":"Assertivit\u00e0, come la comunicazione assertiva migliora i tuoi rapporti interpersonali - Lalbero della Psicologia","og_description":"L\u2019 assertivit\u00e0 \u00e8 la capacit\u00e0 dell\u2019individuo di far valere il proprio punto di vista, ottenere il rispetto sentendosi liberi di credere nei propri valori,","og_url":"https:\/\/www.lalberodellapsicologia.it\/index.php\/2017\/02\/20\/comunicazione-assertiva-fai-valere-punto-vista\/","og_site_name":"Lalbero della Psicologia","article_published_time":"2017-02-20T07:00:28+00:00","article_modified_time":"2017-02-18T09:53:03+00:00","author":"Dott.ssa Borrelli","twitter_card":"summary_large_image","twitter_misc":{"Scritto da":"Dott.ssa Borrelli","Tempo di lettura stimato":"1 minuto"},"schema":{"@context":"https:\/\/schema.org","@graph":[{"@type":"WebPage","@id":"https:\/\/www.lalberodellapsicologia.it\/index.php\/2017\/02\/20\/comunicazione-assertiva-fai-valere-punto-vista\/","url":"https:\/\/www.lalberodellapsicologia.it\/index.php\/2017\/02\/20\/comunicazione-assertiva-fai-valere-punto-vista\/","name":"Assertivit\u00e0, come la comunicazione assertiva migliora i tuoi rapporti interpersonali - Lalbero della Psicologia","isPartOf":{"@id":"https:\/\/www.lalberodellapsicologia.it\/#website"},"datePublished":"2017-02-20T07:00:28+00:00","dateModified":"2017-02-18T09:53:03+00:00","author":{"@id":"https:\/\/www.lalberodellapsicologia.it\/#\/schema\/person\/70fca387ee2622453a79510b3c9c23a2"},"description":"L\u2019 assertivit\u00e0 \u00e8 la capacit\u00e0 dell\u2019individuo di far valere il proprio punto di vista, ottenere il rispetto sentendosi liberi di credere nei propri valori,","breadcrumb":{"@id":"https:\/\/www.lalberodellapsicologia.it\/index.php\/2017\/02\/20\/comunicazione-assertiva-fai-valere-punto-vista\/#breadcrumb"},"inLanguage":"it-IT","potentialAction":[{"@type":"ReadAction","target":["https:\/\/www.lalberodellapsicologia.it\/index.php\/2017\/02\/20\/comunicazione-assertiva-fai-valere-punto-vista\/"]}]},{"@type":"BreadcrumbList","@id":"https:\/\/www.lalberodellapsicologia.it\/index.php\/2017\/02\/20\/comunicazione-assertiva-fai-valere-punto-vista\/#breadcrumb","itemListElement":[{"@type":"ListItem","position":1,"name":"Home","item":"https:\/\/www.lalberodellapsicologia.it\/"},{"@type":"ListItem","position":2,"name":"Assertivit\u00e0, come la comunicazione assertiva migliora i tuoi rapporti interpersonali"}]},{"@type":"WebSite","@id":"https:\/\/www.lalberodellapsicologia.it\/#website","url":"https:\/\/www.lalberodellapsicologia.it\/","name":"Lalbero della Psicologia","description":"","potentialAction":[{"@type":"SearchAction","target":{"@type":"EntryPoint","urlTemplate":"https:\/\/www.lalberodellapsicologia.it\/?s={search_term_string}"},"query-input":{"@type":"PropertyValueSpecification","valueRequired":true,"valueName":"search_term_string"}}],"inLanguage":"it-IT"},{"@type":"Person","@id":"https:\/\/www.lalberodellapsicologia.it\/#\/schema\/person\/70fca387ee2622453a79510b3c9c23a2","name":"Dott.ssa Borrelli","image":{"@type":"ImageObject","inLanguage":"it-IT","@id":"https:\/\/www.lalberodellapsicologia.it\/#\/schema\/person\/image\/","url":"https:\/\/secure.gravatar.com\/avatar\/e3a87acc8ae117573abe3403b3a3f53a?s=96&d=mm&r=g","contentUrl":"https:\/\/secure.gravatar.com\/avatar\/e3a87acc8ae117573abe3403b3a3f53a?s=96&d=mm&r=g","caption":"Dott.ssa Borrelli"},"url":"https:\/\/www.lalberodellapsicologia.it\/index.php\/author\/fab\/"}]}},"jetpack_featured_media_url":"","jetpack_sharing_enabled":true,"jetpack_shortlink":"https:\/\/wp.me\/p8pCML-39","jetpack-related-posts":[],"_links":{"self":[{"href":"https:\/\/www.lalberodellapsicologia.it\/index.php\/wp-json\/wp\/v2\/posts\/195"}],"collection":[{"href":"https:\/\/www.lalberodellapsicologia.it\/index.php\/wp-json\/wp\/v2\/posts"}],"about":[{"href":"https:\/\/www.lalberodellapsicologia.it\/index.php\/wp-json\/wp\/v2\/types\/post"}],"author":[{"embeddable":true,"href":"https:\/\/www.lalberodellapsicologia.it\/index.php\/wp-json\/wp\/v2\/users\/9"}],"replies":[{"embeddable":true,"href":"https:\/\/www.lalberodellapsicologia.it\/index.php\/wp-json\/wp\/v2\/comments?post=195"}],"version-history":[{"count":1,"href":"https:\/\/www.lalberodellapsicologia.it\/index.php\/wp-json\/wp\/v2\/posts\/195\/revisions"}],"predecessor-version":[{"id":197,"href":"https:\/\/www.lalberodellapsicologia.it\/index.php\/wp-json\/wp\/v2\/posts\/195\/revisions\/197"}],"wp:attachment":[{"href":"https:\/\/www.lalberodellapsicologia.it\/index.php\/wp-json\/wp\/v2\/media?parent=195"}],"wp:term":[{"taxonomy":"category","embeddable":true,"href":"https:\/\/www.lalberodellapsicologia.it\/index.php\/wp-json\/wp\/v2\/categories?post=195"},{"taxonomy":"post_tag","embeddable":true,"href":"https:\/\/www.lalberodellapsicologia.it\/index.php\/wp-json\/wp\/v2\/tags?post=195"}],"curies":[{"name":"wp","href":"https:\/\/api.w.org\/{rel}","templated":true}]}}